{"id":20120,"date":"2017-10-16T17:27:41","date_gmt":"2017-10-16T19:27:41","guid":{"rendered":"https:\/\/www.tjes.jus.br\/corregedoria\/?p=20120"},"modified":"2017-10-16T17:31:37","modified_gmt":"2017-10-16T19:31:37","slug":"oficio-circular-no-1712011-publ-17062011","status":"publish","type":"post","link":"https:\/\/www.tjes.jus.br\/corregedoria\/2017\/10\/16\/oficio-circular-no-1712011-publ-17062011\/","title":{"rendered":"OF\u00cdCIO CIRCULAR N\u00ba 171\/2011 &#8211; PUBL. 17\/06\/2011"},"content":{"rendered":"<p style=\"text-align: center;\"><strong>PODER JUDICI\u00c1RIO DO ESTADO DO ESP\u00cdRITO SANTO<\/strong><\/p>\n<p style=\"text-align: center;\"><strong>CORREGEDORIA GERAL DA JUSTI\u00c7A<\/strong><\/p>\n<p style=\"text-align: center;\"><strong>VIT\u00d3RIA, 16 DE JUNHO DE 2011.<\/strong><\/p>\n<p style=\"text-align: center;\"><strong>OF\u00cdCIO CIRCULAR N\u00ba 171\/2011.<\/strong><\/p>\n<p style=\"text-align: justify;\">Senhores Ju\u00edzes de Direito do Poder Judici\u00e1rio do Estado do Esp\u00edrito Santo:<\/p>\n<p style=\"text-align: justify;\"><strong>CONSIDERANDO<\/strong> que a Corregedoria Geral da Justi\u00e7a \u00e9 \u00f3rg\u00e3o de fiscaliza\u00e7\u00e3o, disciplina e orienta\u00e7\u00e3o administrativa, com jurisdi\u00e7\u00e3o em todo o Estado, conforme art. 2\u00ba da Lei Complementar Estadual n\u00ba 83\/96 e art. 35 da Lei Complementar Estadual n\u00ba 234\/02;<\/p>\n<p style=\"text-align: justify;\"><strong>CONSIDERANDO<\/strong> que a Lei n\u00ba 10.216, de 6 de abril de 2001, que disp\u00f5e sobre a prote\u00e7\u00e3o e os direitos das pessoas portadoras de transtornos mentais e redireciona o modelo assistencial em sa\u00fade mental define a interna\u00e7\u00e3o compuls\u00f3ria como sendo aquela determinada pela Justi\u00e7a;<\/p>\n<p style=\"text-align: justify;\"><strong>CONSIDERANDO<\/strong> que a assist\u00eancia psiqui\u00e1trica deve ser proporcional, garantindo-se aos pacientes os meios adequados \u00e0s suas necessidades de sa\u00fade, sejam hospitalares, ambulatoriais, comunit\u00e1rias ou outros (de acordo com as necessidades de cada enfermo, em cada momento de sua trajet\u00f3ria vital);<\/p>\n<p style=\"text-align: justify;\"><strong>CONSIDERANDO<\/strong> que a interna\u00e7\u00e3o compuls\u00f3ria \u00e9 medida de car\u00e1ter excepcional e provis\u00f3ria, importando no constrangimento ao direito de ir e vir do cidad\u00e3o;<\/p>\n<p style=\"text-align: justify;\"><strong>CONSIDERANDO<\/strong>, finalmente, a dificuldade na obten\u00e7\u00e3o de vagas nas Unidades Psiqui\u00e1tricas que procedem \u00e0 interna\u00e7\u00e3o por ordem judicial (interna\u00e7\u00e3o compuls\u00f3ria)<\/p>\n<p style=\"text-align: justify;\"><strong>RESOLVE<\/strong>:<\/p>\n<p style=\"text-align: justify;\"><strong>Art. 1\u00ba <\/strong>&#8211; <strong>DETERMINAR<\/strong> aos MM. Ju\u00edzes de Direito do Poder Judici\u00e1rio do Estado do Esp\u00edrito Santo que reavaliem todos os casos de interna\u00e7\u00e3o compuls\u00f3ria decretados e decidam sobre a pertin\u00eancia (manuten\u00e7\u00e3o da interna\u00e7\u00e3o compuls\u00f3ria) ou n\u00e3o (desinterna\u00e7\u00e3o) do procedimento, em decis\u00e3o devidamente fundamentada, que dever\u00e1 ser encaminhada ao Diretor da Unidade Psiqui\u00e1trica em que se encontra internado o paciente, a fim de constar do prontu\u00e1rio m\u00e9dico do mesmo.<\/p>\n<p style=\"text-align: justify;\"><strong>Art. 2\u00ba <\/strong>&#8211; <strong>DETERMINAR<\/strong> que seja informado a esta E. Corregedoria Geral de Justi\u00e7a, impreterivelmente at\u00e9 o dia 31 de julho de 2011, por meio do e-mail funcional <a href=\"mailto:cao@tjes.jus.br\">cao@tjes.jus.br<\/a>, o n\u00famero de decis\u00f5es em que se reconheceu a desnecessidade\/inefic\u00e1cia da interna\u00e7\u00e3o compuls\u00f3ria anteriormente decretada, tendo sido ordenada a imediata desinterna\u00e7\u00e3o do paciente. Solicita-se, ainda, que na informa\u00e7\u00e3o a ser prestada a esta E. Corregedoria Geral de Justi\u00e7a seja especificado o n\u00famero do processo em que a decis\u00e3o foi proferida e o nome do paciente.<\/p>\n<p style=\"text-align: justify;\"><strong>Publique-se. Registre-se. Cumpra-se.<\/strong><\/p>\n<p style=\"text-align: center;\"><strong>DES. S\u00c9RGIO LUIZ TEIXEIRA GAMA<br \/>\nCorregedor-Geral da Justi\u00e7a<\/strong><\/p>\n","protected":false},"excerpt":{"rendered":"<p>PODER JUDICI\u00c1RIO DO ESTADO DO ESP\u00cdRITO SANTO CORREGEDORIA GERAL DA JUSTI\u00c7A VIT\u00d3RIA, 16 DE JUNHO DE 2011. OF\u00cdCIO CIRCULAR N\u00ba 171\/2011. Senhores Ju\u00edzes de Direito do Poder Judici\u00e1rio do Estado do Esp\u00edrito Santo: CONSIDERANDO que a Corregedoria Geral da Justi\u00e7a \u00e9 \u00f3rg\u00e3o de fiscaliza\u00e7\u00e3o, disciplina e orienta\u00e7\u00e3o administrativa, com jurisdi\u00e7\u00e3o em todo o Estado, conforme [&hellip;]<\/p>\n","protected":false},"author":3,"featured_media":0,"comment_status":"open","ping_status":"open","sticky":false,"template":"","format":"standard","meta":{"footnotes":""},"categories":[14,5],"tags":[],"_links":{"self":[{"href":"https:\/\/www.tjes.jus.br\/corregedoria\/wp-json\/wp\/v2\/posts\/20120"}],"collection":[{"href":"https:\/\/www.tjes.jus.br\/corregedoria\/wp-json\/wp\/v2\/posts"}],"about":[{"href":"https:\/\/www.tjes.jus.br\/corregedoria\/wp-json\/wp\/v2\/types\/post"}],"author":[{"embeddable":true,"href":"https:\/\/www.tjes.jus.br\/corregedoria\/wp-json\/wp\/v2\/users\/3"}],"replies":[{"embeddable":true,"href":"https:\/\/www.tjes.jus.br\/corregedoria\/wp-json\/wp\/v2\/comments?post=20120"}],"version-history":[{"count":2,"href":"https:\/\/www.tjes.jus.br\/corregedoria\/wp-json\/wp\/v2\/posts\/20120\/revisions"}],"predecessor-version":[{"id":20123,"href":"https:\/\/www.tjes.jus.br\/corregedoria\/wp-json\/wp\/v2\/posts\/20120\/revisions\/20123"}],"wp:attachment":[{"href":"https:\/\/www.tjes.jus.br\/corregedoria\/wp-json\/wp\/v2\/media?parent=20120"}],"wp:term":[{"taxonomy":"category","embeddable":true,"href":"https:\/\/www.tjes.jus.br\/corregedoria\/wp-json\/wp\/v2\/categories?post=20120"},{"taxonomy":"post_tag","embeddable":true,"href":"https:\/\/www.tjes.jus.br\/corregedoria\/wp-json\/wp\/v2\/tags?post=20120"}],"curies":[{"name":"wp","href":"https:\/\/api.w.org\/{rel}","templated":true}]}}