{"id":20122,"date":"2017-10-16T17:34:35","date_gmt":"2017-10-16T19:34:35","guid":{"rendered":"https:\/\/www.tjes.jus.br\/corregedoria\/?p=20122"},"modified":"2017-10-16T17:40:24","modified_gmt":"2017-10-16T19:40:24","slug":"oficio-circular-no-1732011-publ-22062011","status":"publish","type":"post","link":"https:\/\/www.tjes.jus.br\/corregedoria\/2017\/10\/16\/oficio-circular-no-1732011-publ-22062011\/","title":{"rendered":"OF\u00cdCIO-CIRCULAR N\u00ba 173\/2011 &#8211; PUBL. 22\/06\/2011"},"content":{"rendered":"<p style=\"text-align: center;\"><strong>ESTADO DO ESP\u00cdRITO SANTO<\/strong><\/p>\n<p style=\"text-align: center;\"><strong>PODER JUDICI\u00c1RIO<\/strong><\/p>\n<p style=\"text-align: center;\"><strong>CORREGEDORIA GERAL DA JUSTI\u00c7A<\/strong><\/p>\n<p style=\"text-align: center;\"><strong>OF\u00cdCIO-CIRCULAR N\u00ba 173\/2011<\/strong><\/p>\n<p style=\"text-align: justify;\"><strong>Vit\u00f3ria\/ES, 20 de junho de 2011.<\/strong><\/p>\n<p style=\"text-align: justify;\"><strong>Aos MM. Ju\u00edzes Diretores de F\u00f3rum, MM. Ju\u00edzes de Direito, ilustres Chefes de Secretaria, de Colegiado Recursal e de Contadoria:<\/strong><\/p>\n<p style=\"text-align: justify;\"><strong>O Exmo. Corregedor-Geral da Justi\u00e7a, Desembargador S\u00e9rgio Luiz Teixeira Gama, no exerc\u00edcio de suas atribui\u00e7\u00f5es legais e regimentais,<\/strong><\/p>\n<p style=\"text-align: justify;\"><strong>CONSIDERANDO <\/strong>ser a Corregedoria Geral da Justi\u00e7a \u00f3rg\u00e3o de fiscaliza\u00e7\u00e3o, disciplina e orienta\u00e7\u00e3o administrativa das unidades judici\u00e1rias de 1\u00aa Inst\u00e2ncia, com jurisdi\u00e7\u00e3o em todo o Estado do Esp\u00edrito Santo, conforme art. 35 da Lei Complementar Estadual n\u00ba 234\/02;<\/p>\n<p style=\"text-align: justify;\"><strong>CONSIDERANDO<\/strong> que a interpreta\u00e7\u00e3o conjugada dos artigos 362, 363 e 364, todos do C\u00f3digo de Normas da CGJES, possibilita harmonizar os preceitos da Lei Estadual n\u00ba 4.847\/93 (Regimento de Custas do Estado do Esp\u00edrito Santo) \u00e0s disposi\u00e7\u00f5es constitucionais vigentes (CRFB\/1988, art. 5\u00ba, inc. XXXIV, al\u00ednea &#8220;b&#8221;), quanto \u00e0 cobran\u00e7a de custas pela expedi\u00e7\u00e3o de certid\u00f5es cartor\u00e1rias.<\/p>\n<p style=\"text-align: justify;\"><strong>CONSIDERANDO<\/strong> a necessidade de edi\u00e7\u00e3o de novo Of\u00edcio-Circular tratando do tema, tal qual conclu\u00eddo em recente decis\u00e3o administrativa proferida no bojo do processo CGJES n.\u00ba 1114139.<\/p>\n<p style=\"text-align: justify;\"><strong>RESOLVE<\/strong>:<\/p>\n<p style=\"text-align: justify;\"><strong>Art. 1\u00ba <\/strong>&#8211; \u00c0 exce\u00e7\u00e3o das certid\u00f5es cartor\u00e1rias especiais elencadas no artigo 362 c\/c artigo 364, ambos do C\u00f3digo de Normas, quais sejam, as certid\u00f5es de \u201cobjeto e p\u00e9\u201d e \u201cinteiro teor\u201d, todas as demais certid\u00f5es pleiteadas pelos interessados sob o fundamento de que se prestar\u00e3o \u00e0 defesa de direitos e esclarecimento de situa\u00e7\u00f5es de interesse pessoal\u2019, a teor do art. 5\u00ba, inc. XXXIV, al\u00ednea &#8220;b&#8221;, da CRFB\/1988, ser\u00e3o emitidas independentemente do recolhimento de custas de que trata o art. 363 do C\u00f3digo de Normas (art. 353 do C\u00f3digo de Normas).\u201d<\/p>\n<p style=\"text-align: justify;\"><strong>Publique-se. Registre-se. Cumpra-se.<\/strong><\/p>\n<p style=\"text-align: center;\"><strong>DES. S\u00c9RGIO LUIZ TEIXEIRA GAMA<br \/>\nCorregedor-Geral da Justi\u00e7a<\/strong><\/p>\n","protected":false},"excerpt":{"rendered":"<p>ESTADO DO ESP\u00cdRITO SANTO PODER JUDICI\u00c1RIO CORREGEDORIA GERAL DA JUSTI\u00c7A OF\u00cdCIO-CIRCULAR N\u00ba 173\/2011 Vit\u00f3ria\/ES, 20 de junho de 2011. Aos MM. Ju\u00edzes Diretores de F\u00f3rum, MM. Ju\u00edzes de Direito, ilustres Chefes de Secretaria, de Colegiado Recursal e de Contadoria: O Exmo. Corregedor-Geral da Justi\u00e7a, Desembargador S\u00e9rgio Luiz Teixeira Gama, no exerc\u00edcio de suas atribui\u00e7\u00f5es legais [&hellip;]<\/p>\n","protected":false},"author":3,"featured_media":0,"comment_status":"open","ping_status":"open","sticky":false,"template":"","format":"standard","meta":{"footnotes":""},"categories":[5],"tags":[],"_links":{"self":[{"href":"https:\/\/www.tjes.jus.br\/corregedoria\/wp-json\/wp\/v2\/posts\/20122"}],"collection":[{"href":"https:\/\/www.tjes.jus.br\/corregedoria\/wp-json\/wp\/v2\/posts"}],"about":[{"href":"https:\/\/www.tjes.jus.br\/corregedoria\/wp-json\/wp\/v2\/types\/post"}],"author":[{"embeddable":true,"href":"https:\/\/www.tjes.jus.br\/corregedoria\/wp-json\/wp\/v2\/users\/3"}],"replies":[{"embeddable":true,"href":"https:\/\/www.tjes.jus.br\/corregedoria\/wp-json\/wp\/v2\/comments?post=20122"}],"version-history":[{"count":3,"href":"https:\/\/www.tjes.jus.br\/corregedoria\/wp-json\/wp\/v2\/posts\/20122\/revisions"}],"predecessor-version":[{"id":20128,"href":"https:\/\/www.tjes.jus.br\/corregedoria\/wp-json\/wp\/v2\/posts\/20122\/revisions\/20128"}],"wp:attachment":[{"href":"https:\/\/www.tjes.jus.br\/corregedoria\/wp-json\/wp\/v2\/media?parent=20122"}],"wp:term":[{"taxonomy":"category","embeddable":true,"href":"https:\/\/www.tjes.jus.br\/corregedoria\/wp-json\/wp\/v2\/categories?post=20122"},{"taxonomy":"post_tag","embeddable":true,"href":"https:\/\/www.tjes.jus.br\/corregedoria\/wp-json\/wp\/v2\/tags?post=20122"}],"curies":[{"name":"wp","href":"https:\/\/api.w.org\/{rel}","templated":true}]}}