{"id":20208,"date":"2017-10-17T15:42:50","date_gmt":"2017-10-17T17:42:50","guid":{"rendered":"https:\/\/www.tjes.jus.br\/corregedoria\/?p=20208"},"modified":"2017-10-17T15:42:50","modified_gmt":"2017-10-17T17:42:50","slug":"oficio-circular-no-2072011-publ-28092011","status":"publish","type":"post","link":"https:\/\/www.tjes.jus.br\/corregedoria\/2017\/10\/17\/oficio-circular-no-2072011-publ-28092011\/","title":{"rendered":"OF\u00cdCIO-CIRCULAR N\u00ba 207\/2011 &#8211; PUBL. 28\/09\/2011"},"content":{"rendered":"<p style=\"text-align: center;\"><strong>ESTADO DO ESP\u00cdRITO SANTO<\/strong><\/p>\n<p style=\"text-align: center;\"><strong>PODER JUDICI\u00c1RIO<\/strong><\/p>\n<p style=\"text-align: center;\"><strong>CORREGEDORIA GERAL DA JUSTI\u00c7A<\/strong><\/p>\n<p style=\"text-align: center;\"><strong>OF\u00cdCIO-CIRCULAR N\u00ba 207\/2011<\/strong><\/p>\n<p style=\"text-align: justify;\">VIT\u00d3RIA\/ES, 21 DE SETEMBRO DE 2011.<\/p>\n<p style=\"text-align: justify;\">AOS SENHORES (AS) TABELI\u00c3ES E OFICIAIS DOS CART\u00d3RIOS DE REGISTRO GERAL DE IM\u00d3VEIS DA GRANDE VIT\u00d3RIA.<\/p>\n<p style=\"text-align: justify;\">O EXMO. CORREGEDOR-GERAL DA JUSTI\u00c7A, DESEMBARGADOR S\u00c9RGIO LUIZ TEIXEIRA GAMA, NO EXERC\u00cdCIO DE SUAS ATRIBUI\u00c7\u00d5ES LEGAIS E REGIMENTAIS,<\/p>\n<p style=\"text-align: justify;\"><strong>CONSIDERANDO<\/strong> SER A CORREGEDORIA GERAL DA JUSTI\u00c7A \u00d3RG\u00c3O DE FISCALIZA\u00c7\u00c3O, DISCIPLINA E ORIENTA\u00c7\u00c3O ADMINISTRATIVA DAS UNIDADES JUDICI\u00c1RIAS DE 1\u00aa INST\u00c2NCIA, COM JURISDI\u00c7\u00c3O EM TODO O ESTADO DO ESP\u00cdRITO SANTO, CONFORME ART. 35 DA LEI COMPLEMENTAR ESTADUAL N\u00ba 234\/02;<\/p>\n<p style=\"text-align: justify;\"><strong>CONSIDERANDO<\/strong> O REQUERIMENTO DA MM\u00aa JU\u00cdZA FEDERAL DO TRABALHO, DR\u00aa ROSALY STANGE AZEVEDO, FORMULADO NO EXPEDIENTE TOMBADO SOB O N\u00ba 1120486, PARA QUE OS CART\u00d3RIOS DE REGISTRO GERAL DE IM\u00d3VEIS DA GRANDE VIT\u00d3RIA CONTRIBUAM PARA O ANDAMENTO C\u00c9LERE DOS PROCESSOS EM EXECU\u00c7\u00c3O, RESPONDENDO, POR CONSEQU\u00caNCIA, AOS OF\u00cdCIOS ENCAMINHADOS PELA PROCURADORIA DA FAZENDA NACIONAL (PFN) E PROCURADORIA GERAL FEDERAL (PGF);<\/p>\n<p style=\"text-align: justify;\"><strong>CONSIDERANDO<\/strong> QUE O C\u00d3DIGO DE NORMAS DISP\u00d5E, NO ARTIGO 545, INCISO IV, QUE S\u00c3O DEVERES DOS NOT\u00c1RIOS E REGISTRADORES, DENTRE OUTROS, &#8220;ATENDER PRIORITARIAMENTE AS REQUISI\u00c7\u00d5ES DE PAP\u00c9IS, DOCUMENTOS, INFORMA\u00c7\u00d5ES OU PROVID\u00caNCIAS QUE LHES FOREM SOLICITADAS PELAS AUTORIDADES JUDICI\u00c1RIAS OU ADMINISTRATIVAS PARA A DEFESA DAS PESSOAS JUR\u00cdDICAS DE DIREITO P\u00daBLICO EM JU\u00cdZO&#8221;;<\/p>\n<p style=\"text-align: justify;\"><strong>RESOLVE<\/strong>:<\/p>\n<p style=\"text-align: justify;\"><strong>ART. 1\u00ba <\/strong>&#8211; ORIENTAR OS SENHORES (AS) TABELI\u00c3ES E OFICIAIS DOS CART\u00d3RIOS DE REGISTRO GERAL DE IM\u00d3VEIS DA GRANDE VIT\u00d3RIA QUE, AO RECEBEREM OF\u00cdCIOS ENCAMINHADOS PELA PROCURADORIA DA FAZENDA NACIONAL (PFN) E PROCURADORIA GERAL FEDERAL (PGF), DILIGENCIEM PARA QUE LHES SEJA DADO O ADEQUADO CUMPRIMENTO COM A MAIOR CELERIDADE POSS\u00cdVEL, ATENTANDO-SE PARA O PRINC\u00cdPIO DA EFICI\u00caNCIA.<\/p>\n<p style=\"text-align: justify;\"><strong>PUBLIQUE-SE. REGISTRE-SE. CUMPRA-SE.<\/strong><\/p>\n<p style=\"text-align: center;\"><strong>DES. S\u00c9RGIO LUIZ TEIXEIRA GAMA<br \/>\nCORREGEDOR-GERAL DA JUSTI\u00c7A<\/strong><\/p>\n","protected":false},"excerpt":{"rendered":"<p>ESTADO DO ESP\u00cdRITO SANTO PODER JUDICI\u00c1RIO CORREGEDORIA GERAL DA JUSTI\u00c7A OF\u00cdCIO-CIRCULAR N\u00ba 207\/2011 VIT\u00d3RIA\/ES, 21 DE SETEMBRO DE 2011. AOS SENHORES (AS) TABELI\u00c3ES E OFICIAIS DOS CART\u00d3RIOS DE REGISTRO GERAL DE IM\u00d3VEIS DA GRANDE VIT\u00d3RIA. O EXMO. CORREGEDOR-GERAL DA JUSTI\u00c7A, DESEMBARGADOR S\u00c9RGIO LUIZ TEIXEIRA GAMA, NO EXERC\u00cdCIO DE SUAS ATRIBUI\u00c7\u00d5ES LEGAIS E REGIMENTAIS, CONSIDERANDO SER [&hellip;]<\/p>\n","protected":false},"author":3,"featured_media":0,"comment_status":"open","ping_status":"open","sticky":false,"template":"","format":"standard","meta":{"footnotes":""},"categories":[5],"tags":[],"_links":{"self":[{"href":"https:\/\/www.tjes.jus.br\/corregedoria\/wp-json\/wp\/v2\/posts\/20208"}],"collection":[{"href":"https:\/\/www.tjes.jus.br\/corregedoria\/wp-json\/wp\/v2\/posts"}],"about":[{"href":"https:\/\/www.tjes.jus.br\/corregedoria\/wp-json\/wp\/v2\/types\/post"}],"author":[{"embeddable":true,"href":"https:\/\/www.tjes.jus.br\/corregedoria\/wp-json\/wp\/v2\/users\/3"}],"replies":[{"embeddable":true,"href":"https:\/\/www.tjes.jus.br\/corregedoria\/wp-json\/wp\/v2\/comments?post=20208"}],"version-history":[{"count":1,"href":"https:\/\/www.tjes.jus.br\/corregedoria\/wp-json\/wp\/v2\/posts\/20208\/revisions"}],"predecessor-version":[{"id":20209,"href":"https:\/\/www.tjes.jus.br\/corregedoria\/wp-json\/wp\/v2\/posts\/20208\/revisions\/20209"}],"wp:attachment":[{"href":"https:\/\/www.tjes.jus.br\/corregedoria\/wp-json\/wp\/v2\/media?parent=20208"}],"wp:term":[{"taxonomy":"category","embeddable":true,"href":"https:\/\/www.tjes.jus.br\/corregedoria\/wp-json\/wp\/v2\/categories?post=20208"},{"taxonomy":"post_tag","embeddable":true,"href":"https:\/\/www.tjes.jus.br\/corregedoria\/wp-json\/wp\/v2\/tags?post=20208"}],"curies":[{"name":"wp","href":"https:\/\/api.w.org\/{rel}","templated":true}]}}