{"id":20269,"date":"2017-10-18T12:56:56","date_gmt":"2017-10-18T14:56:56","guid":{"rendered":"https:\/\/www.tjes.jus.br\/corregedoria\/?p=20269"},"modified":"2017-10-18T13:13:40","modified_gmt":"2017-10-18T15:13:40","slug":"oficio-circular-cgjes-no-0192012-publ-16032012","status":"publish","type":"post","link":"https:\/\/www.tjes.jus.br\/corregedoria\/2017\/10\/18\/oficio-circular-cgjes-no-0192012-publ-16032012\/","title":{"rendered":"OF\u00cdCIO-CIRCULAR CGJES N\u00ba 019\/2012 &#8211; PUBL. 16\/03\/2012"},"content":{"rendered":"<p style=\"text-align: center;\"><strong>ESTADO DO ESP\u00cdRITO SANTO<\/strong><\/p>\n<p style=\"text-align: center;\"><strong>PODER JUDICI\u00c1RIO<\/strong><\/p>\n<p style=\"text-align: center;\"><strong>CORREGEDORIA GERAL DA JUSTI\u00c7A<\/strong><\/p>\n<p style=\"text-align: center;\"><strong>OF\u00cdCIO-CIRCULAR CGJES N\u00ba 019\/2012.<\/strong><\/p>\n<p style=\"text-align: justify;\"><strong>Vit\u00f3ria\/ES, 15 de mar\u00e7o de 2012.<\/strong><\/p>\n<p style=\"text-align: justify;\">Senhores(as) Ju\u00edzes(as) de Direito com jurisdi\u00e7\u00e3o em Registros P\u00fablicos,<\/p>\n<p style=\"text-align: justify;\">A Constitui\u00e7\u00e3o Federal disp\u00f5e no art. 236, \u00a7 1\u00ba caber ao Poder Judici\u00e1rio fiscalizar os servi\u00e7os notariais e de registro.<\/p>\n<p style=\"text-align: justify;\">Sendo a Corregedoria Geral da Justi\u00e7a \u00f3rg\u00e3o de fiscaliza\u00e7\u00e3o administrativa, judicial, disciplinar e de orienta\u00e7\u00e3o administrativa, com jurisdi\u00e7\u00e3o em todo o Estado do Esp\u00edrito Santo, cabe a mesma fiscalizar as atividades do Foro Extrajudicial capixaba.<\/p>\n<p style=\"text-align: justify;\">O C\u00f3digo de Normas vigente, em seu art. 11, \u00a7 6\u00ba estabelece que a Inspe\u00e7\u00e3o nos servi\u00e7os notariais e de registro, de car\u00e1ter permanente, ser\u00e1 exercida pelo Juiz de Direito da Vara dos Registros P\u00fablicos, nas Comarcas e Ju\u00edzos onde houver a Vara Especializada, ou, n\u00e3o havendo, do Juiz Diretor do Foro da Comarca, que enviar\u00e1, anualmente, ao Corregedor-Geral da Justi\u00e7a, relat\u00f3rio dessa atividade inspecional, por via eletr\u00f4nica, digitalmente assinado.<\/p>\n<p style=\"text-align: justify;\">Portanto, visando auxiliar e orientar os magistrados nos trabalhos de Inspe\u00e7\u00e3o dos Cart\u00f3rios extrajudiciais, a Corregedoria Geral da Justi\u00e7a elaborou Modelos de Relat\u00f3rios Inspecionais para todas as especialidades de Servi\u00e7os, neles inserindo os pontos principais que devem e precisam ser inspecionados para que a incumb\u00eancia fiscalizat\u00f3ria do Poder Judici\u00e1rio seja bem desempenhada.<\/p>\n<p style=\"text-align: justify;\">Como toda e qualquer medida administrativa que se implementa, os Modelos de Relat\u00f3rios Inspecionais ora disponibilizados podem e devem ser aprimorados e, para tanto, conto com a colabora\u00e7\u00e3o dos magistrados e delegat\u00e1rios, que devem encaminhar \u00e0 CGJ-ES toda e qualquer sugest\u00e3o ou cr\u00edtica que implique na melhoria dos Modelos.<\/p>\n<p style=\"text-align: justify;\">A vers\u00e3o inicial dos Modelos de Relat\u00f3rio \u00e9 fruto de estudos e pesquisas envolvendo a realiza\u00e7\u00e3o de Inspe\u00e7\u00f5es por Corregedorias Gerais da Justi\u00e7a de outras unidades da Federa\u00e7\u00e3o, assim como do trabalho de magistrados, servidores e delegat\u00e1rios do nosso Estado, que se uniram no objetivo de oportunizar uma ferramenta de trabalho importante na consecu\u00e7\u00e3o de uma miss\u00e3o constitucionalmente atribu\u00edda ao Poder Judici\u00e1rio.<\/p>\n<p style=\"text-align: justify;\">Atenciosamente,<\/p>\n<p style=\"text-align: center;\"><strong>Des. CARLOS HENRIQUE RIOS DO AMARAL<br \/>\nCorregedor-Geral da Justi\u00e7a<\/strong><\/p>\n<h3 style=\"text-align: center;\">MODELO DE RELAT\u00d3RIO &#8211; COMUM A TODAS AS ATRIBUI\u00c7\u00d5ES (<a href=\"https:\/\/www.tjes.jus.br\/corregedoria\/wp-content\/uploads\/2017\/10\/Oficio_Circular_019_2012_Modelo_1.pdf\">CLIQUE AQUI<\/a>)<\/h3>\n<h3 style=\"text-align: center;\">MODELO DE RELAT\u00d3RIO &#8211; REGISTRO DE IM\u00d3VEIS (<a href=\"https:\/\/www.tjes.jus.br\/corregedoria\/wp-content\/uploads\/2017\/10\/Oficio_Circular_019_2012_Modelo_2.pdf\">CLIQUE AQUI<\/a>)<\/h3>\n<h3 style=\"text-align: center;\">MODELO DE RELAT\u00d3RIO &#8211; TABELIONATO DE PROTESTO DE T\u00cdTULOS (<a href=\"https:\/\/www.tjes.jus.br\/corregedoria\/wp-content\/uploads\/2017\/10\/Oficio_Circular_019_2012_Modelo_3.pdf\">CLIQUE AQUI<\/a>)<\/h3>\n<h3 style=\"text-align: center;\">MODELO DE RELAT\u00d3RIO &#8211; RTJ E PJ (<a href=\"https:\/\/www.tjes.jus.br\/corregedoria\/wp-content\/uploads\/2017\/10\/Oficio_Circular_019_2012_Modelo_4.pdf\">CLIQUE AQUI<\/a>)<\/h3>\n<h3 style=\"text-align: center;\">MODELO DE RELAT\u00d3RIO &#8211; REGISTRO CIVIL DAS PESSOAS NATURAIS (<a href=\"https:\/\/www.tjes.jus.br\/corregedoria\/wp-content\/uploads\/2017\/10\/Oficio_Circular_019_2012_Modelo_5.pdf\">CLIQUE AQUI<\/a>)<\/h3>\n<h3 style=\"text-align: center;\">MODELO DE RELAT\u00d3RIO &#8211; TABELIONATO DE NOTAS (<a href=\"https:\/\/www.tjes.jus.br\/corregedoria\/wp-content\/uploads\/2017\/10\/Oficio_Circular_019_2012_Modelo_6.pdf\">CLIQUE AQUI<\/a>)<\/h3>\n","protected":false},"excerpt":{"rendered":"<p>ESTADO DO ESP\u00cdRITO SANTO PODER JUDICI\u00c1RIO CORREGEDORIA GERAL DA JUSTI\u00c7A OF\u00cdCIO-CIRCULAR CGJES N\u00ba 019\/2012. Vit\u00f3ria\/ES, 15 de mar\u00e7o de 2012. Senhores(as) Ju\u00edzes(as) de Direito com jurisdi\u00e7\u00e3o em Registros P\u00fablicos, A Constitui\u00e7\u00e3o Federal disp\u00f5e no art. 236, \u00a7 1\u00ba caber ao Poder Judici\u00e1rio fiscalizar os servi\u00e7os notariais e de registro. Sendo a Corregedoria Geral da Justi\u00e7a [&hellip;]<\/p>\n","protected":false},"author":3,"featured_media":0,"comment_status":"open","ping_status":"open","sticky":false,"template":"","format":"standard","meta":{"footnotes":""},"categories":[5],"tags":[],"_links":{"self":[{"href":"https:\/\/www.tjes.jus.br\/corregedoria\/wp-json\/wp\/v2\/posts\/20269"}],"collection":[{"href":"https:\/\/www.tjes.jus.br\/corregedoria\/wp-json\/wp\/v2\/posts"}],"about":[{"href":"https:\/\/www.tjes.jus.br\/corregedoria\/wp-json\/wp\/v2\/types\/post"}],"author":[{"embeddable":true,"href":"https:\/\/www.tjes.jus.br\/corregedoria\/wp-json\/wp\/v2\/users\/3"}],"replies":[{"embeddable":true,"href":"https:\/\/www.tjes.jus.br\/corregedoria\/wp-json\/wp\/v2\/comments?post=20269"}],"version-history":[{"count":3,"href":"https:\/\/www.tjes.jus.br\/corregedoria\/wp-json\/wp\/v2\/posts\/20269\/revisions"}],"predecessor-version":[{"id":20280,"href":"https:\/\/www.tjes.jus.br\/corregedoria\/wp-json\/wp\/v2\/posts\/20269\/revisions\/20280"}],"wp:attachment":[{"href":"https:\/\/www.tjes.jus.br\/corregedoria\/wp-json\/wp\/v2\/media?parent=20269"}],"wp:term":[{"taxonomy":"category","embeddable":true,"href":"https:\/\/www.tjes.jus.br\/corregedoria\/wp-json\/wp\/v2\/categories?post=20269"},{"taxonomy":"post_tag","embeddable":true,"href":"https:\/\/www.tjes.jus.br\/corregedoria\/wp-json\/wp\/v2\/tags?post=20269"}],"curies":[{"name":"wp","href":"https:\/\/api.w.org\/{rel}","templated":true}]}}