{"id":20317,"date":"2017-10-18T14:54:00","date_gmt":"2017-10-18T16:54:00","guid":{"rendered":"https:\/\/www.tjes.jus.br\/corregedoria\/?p=20317"},"modified":"2017-10-18T14:54:00","modified_gmt":"2017-10-18T16:54:00","slug":"oficio-circular-no-0312012-publ-19042012","status":"publish","type":"post","link":"https:\/\/www.tjes.jus.br\/corregedoria\/2017\/10\/18\/oficio-circular-no-0312012-publ-19042012\/","title":{"rendered":"OF\u00cdCIO-CIRCULAR N\u00ba 031\/2012 &#8211; PUBL. 19\/04\/2012"},"content":{"rendered":"<p style=\"text-align: center;\"><strong>ESTADO DO ESP\u00cdRITO SANTO<\/strong><\/p>\n<p style=\"text-align: center;\"><strong>PODER JUDICI\u00c1RIO<\/strong><\/p>\n<p style=\"text-align: center;\"><strong>CORREGEDORIA GERAL DA JUSTI\u00c7A<\/strong><\/p>\n<p style=\"text-align: center;\"><strong>OF\u00cdCIO-CIRCULAR N\u00ba 031\/2012<\/strong><\/p>\n<p style=\"text-align: justify;\">(Favor mencionar essa refer\u00eancia)<\/p>\n<p style=\"text-align: justify;\">Protocolo CGJ-ES 1202498<\/p>\n<p style=\"text-align: justify;\">O Exmo. Sr. Desembargador Corregedor-Geral da Justi\u00e7a do Estado do Esp\u00edrito Santo, no uso de suas atribui\u00e7\u00f5es legais:<\/p>\n<p style=\"text-align: justify;\"><strong>CONSIDERANDO<\/strong> o recebimento do Of\u00edcio D.J. n\u00ba 19129\/2012 da lavra do Excelent\u00edssimo Desembargador Corregedor-Geral da Justi\u00e7a do Estado do Paran\u00e1;<\/p>\n<p style=\"text-align: justify;\"><strong>CONSIDERANDO<\/strong> que referido Of\u00edcio informa acerca da falsidade da procura\u00e7\u00e3o apontada como lavrada \u00e1s fls. 025\/026 do Livro 00151-P do Servi\u00e7o Distrital de Floriano da Comarca de Maring\u00e1 (Cart\u00f3rio Carvajal Mendes);<\/p>\n<p style=\"text-align: justify;\"><strong>RECOMENDO<\/strong> aos Ju\u00edzes de Direito Diretores dos F\u00f3runs, Membros do Minist\u00e9rio P\u00fablico, Advogados, Not\u00e1rios e Registradores, Serventu\u00e1rios e a quem mais possa interessar, que observem o Comunicado supra citado, e adotem as provid\u00eancias que entenderem pertinentes.<\/p>\n<p style=\"text-align: justify;\"><strong>Publique-se<\/strong>.<\/p>\n<p style=\"text-align: justify;\"><strong>Cumpra-se.<\/strong><\/p>\n<p style=\"text-align: justify;\">Vit\u00f3ria\/ES, 03 de abril de 2012.<\/p>\n<p style=\"text-align: center;\"><strong>DES. CARLOS HENRIQUE RIOS DO AMARAL<br \/>\nCorregedor-Geral da Justi\u00e7a<\/strong><\/p>\n","protected":false},"excerpt":{"rendered":"<p>ESTADO DO ESP\u00cdRITO SANTO PODER JUDICI\u00c1RIO CORREGEDORIA GERAL DA JUSTI\u00c7A OF\u00cdCIO-CIRCULAR N\u00ba 031\/2012 (Favor mencionar essa refer\u00eancia) Protocolo CGJ-ES 1202498 O Exmo. Sr. Desembargador Corregedor-Geral da Justi\u00e7a do Estado do Esp\u00edrito Santo, no uso de suas atribui\u00e7\u00f5es legais: CONSIDERANDO o recebimento do Of\u00edcio D.J. n\u00ba 19129\/2012 da lavra do Excelent\u00edssimo Desembargador Corregedor-Geral da Justi\u00e7a do [&hellip;]<\/p>\n","protected":false},"author":3,"featured_media":0,"comment_status":"open","ping_status":"open","sticky":false,"template":"","format":"standard","meta":{"footnotes":""},"categories":[5],"tags":[],"_links":{"self":[{"href":"https:\/\/www.tjes.jus.br\/corregedoria\/wp-json\/wp\/v2\/posts\/20317"}],"collection":[{"href":"https:\/\/www.tjes.jus.br\/corregedoria\/wp-json\/wp\/v2\/posts"}],"about":[{"href":"https:\/\/www.tjes.jus.br\/corregedoria\/wp-json\/wp\/v2\/types\/post"}],"author":[{"embeddable":true,"href":"https:\/\/www.tjes.jus.br\/corregedoria\/wp-json\/wp\/v2\/users\/3"}],"replies":[{"embeddable":true,"href":"https:\/\/www.tjes.jus.br\/corregedoria\/wp-json\/wp\/v2\/comments?post=20317"}],"version-history":[{"count":1,"href":"https:\/\/www.tjes.jus.br\/corregedoria\/wp-json\/wp\/v2\/posts\/20317\/revisions"}],"predecessor-version":[{"id":20318,"href":"https:\/\/www.tjes.jus.br\/corregedoria\/wp-json\/wp\/v2\/posts\/20317\/revisions\/20318"}],"wp:attachment":[{"href":"https:\/\/www.tjes.jus.br\/corregedoria\/wp-json\/wp\/v2\/media?parent=20317"}],"wp:term":[{"taxonomy":"category","embeddable":true,"href":"https:\/\/www.tjes.jus.br\/corregedoria\/wp-json\/wp\/v2\/categories?post=20317"},{"taxonomy":"post_tag","embeddable":true,"href":"https:\/\/www.tjes.jus.br\/corregedoria\/wp-json\/wp\/v2\/tags?post=20317"}],"curies":[{"name":"wp","href":"https:\/\/api.w.org\/{rel}","templated":true}]}}