{"id":20400,"date":"2017-10-20T12:09:57","date_gmt":"2017-10-20T14:09:57","guid":{"rendered":"https:\/\/www.tjes.jus.br\/corregedoria\/?p=20400"},"modified":"2017-10-20T12:10:09","modified_gmt":"2017-10-20T14:10:09","slug":"ato-normativo-conjunto-no-0102017-disp-20102017","status":"publish","type":"post","link":"https:\/\/www.tjes.jus.br\/corregedoria\/2017\/10\/20\/ato-normativo-conjunto-no-0102017-disp-20102017\/","title":{"rendered":"ATO NORMATIVO CONJUNTO N\u00ba 010\/2017 &#8211; DISP. 20\/10\/2017"},"content":{"rendered":"<p style=\"text-align: center;\"><strong>ESTADO DO ESP\u00cdRITO SANTO<\/strong><\/p>\n<p style=\"text-align: center;\"><strong>PODER JUDICI\u00c1RIO<\/strong><\/p>\n<p style=\"text-align: center;\"><strong>TRIBUNAL DE JUSTI\u00c7A<\/strong><\/p>\n<p style=\"text-align: center;\"><strong>GABINETE DA PRESID\u00caNCIA<\/strong><\/p>\n<p style=\"text-align: center;\"><strong>ATO NORMATIVO CONJUNTO N\u00ba 010\/2017<\/strong><\/p>\n<p style=\"text-align: justify;\"><em>Prorroga o regime especial de atua\u00e7\u00e3o nas Varas de Execu\u00e7\u00e3o Penal do Estado do Esp\u00edrito Santo.<\/em><\/p>\n<p style=\"text-align: justify;\">O Excelent\u00edssimo Desembargador ANNIBAL DE REZENDE LIMA, DD. Presidente do Egr\u00e9gio Tribunal de Justi\u00e7a do Estado do Esp\u00edrito Santo e o Excelent\u00edssimo Senhor Desembargador FERNANDO ZARDINI ANTONIO, Supervisor das Varas Criminais e Execu\u00e7\u00f5es Penais, a qual est\u00e1 vinculado o GMF \u2013 Grupo de Monitoramento e Fiscaliza\u00e7\u00e3o do sistema prisional, no uso de suas atribui\u00e7\u00f5es legais e,<\/p>\n<p style=\"text-align: justify;\"><strong>CONSIDERANDO<\/strong> que o Supremo Tribunal Federal \u2013 STF no julgamento da Argui\u00e7\u00e3o de Descumprimento de Preceito Fundamental ADPF 347 reconheceu o <em>estado de coisas inconstitucional <\/em>do sistema penitenci\u00e1rio brasileiro, diante da viola\u00e7\u00e3o generalizada de direitos fundamentais dos presos no tocante \u00e0 dignidade humana e, em raz\u00e3o disso, determinou a ado\u00e7\u00e3o de medidas que visem enfrentar o problema da superlota\u00e7\u00e3o prisional capixaba por parte do Poder Judici\u00e1rio\u037e<\/p>\n<p style=\"text-align: justify;\"><strong>CONSIDERANDO<\/strong> que o Tribunal de Justi\u00e7a do Esp\u00edrito Santo aderiu ao Projeto \u201cCidadania nos Pres\u00eddios\u201d, do CNJ, implementado como projeto piloto neste Estado, voltado, primordialmente, \u00e0 an\u00e1lise dos processos de execu\u00e7\u00e3o penal de sentenciado em regime fechado ou semiaberto, ou submetidos a medida de seguran\u00e7a, em condi\u00e7\u00f5es de serem contemplados pelos Decretos Presidenciais, que disp\u00f5em sobre os requisitos para a declara\u00e7\u00e3o judicial de indulto e comuta\u00e7\u00e3o de penas\u037e<\/p>\n<p style=\"text-align: justify;\"><strong>CONSIDERANDO<\/strong> o elevado potencial desencarcerador dos decretos de indulto e comuta\u00e7\u00e3o, que se bem aproveitado pode contribuir substancialmente para a solu\u00e7\u00e3o do problema da superlota\u00e7\u00e3o carcer\u00e1ria, de modo a dar cumprimento \u00e0 decis\u00e3o do STF retro mencionada\u037e<\/p>\n<p style=\"text-align: justify;\"><strong>CONSIDERANDO<\/strong> a necessidade de prorroga\u00e7\u00e3o do regime especial de atua\u00e7\u00e3o nas varas de execu\u00e7\u00e3o penal visando completar o levantamento de poss\u00edveis contemplados pela indulg\u00eancia total ou parcial (indulto ou comuta\u00e7\u00e3o), processamento e julgamento dos pedidos de indulto e comuta\u00e7\u00e3o, inclusive sob a modalidade de audi\u00eancias concentradas, tamb\u00e9m propondo alternativas para a gest\u00e3o administrativa dos espa\u00e7os prisionais\u037e<\/p>\n<p style=\"text-align: justify;\"><strong>CONSIDERANDO<\/strong> os excelentes resultados obtidos a partir da institui\u00e7\u00e3o do regime especial de atua\u00e7\u00e3o nas Varas de Execu\u00e7\u00e3o Penal do Esp\u00edrito Santo, com an\u00e1lise de milhares de guias de execu\u00e7\u00e3o e feitos;<\/p>\n<p style=\"text-align: justify;\"><strong>CONSIDERANDO<\/strong> a necessidade de se concluir a an\u00e1lise de todas as guias de execu\u00e7\u00e3o criminal atualmente em tramita\u00e7\u00e3o na 9\u00aa Vara Criminal de Vit\u00f3ria \u2013 Privativa de Execu\u00e7\u00e3o Penal;<\/p>\n<p style=\"text-align: justify;\"><strong>CONSIDERANDO<\/strong> a orienta\u00e7\u00e3o emanada do Conselho Nacional de Justi\u00e7a, na reuni\u00e3o realizada pela Excelent\u00edssima Ministra Carmen L\u00facia, no dia 26\/06\/2017, com os Ju\u00edzes de Execu\u00e7\u00e3o Penal deste Estado, no sentido de agiliza\u00e7\u00e3o e prioriza\u00e7\u00e3o da an\u00e1lise dos direitos dos reeducandos, previstos na LEP;<\/p>\n<p style=\"text-align: justify;\"><strong>RESOLVE:<\/strong><\/p>\n<p style=\"text-align: justify;\"><strong>Art. 1\u00ba.<\/strong> Prorrogar por 01 (um) ano o regime especial de atua\u00e7\u00e3o nas Varas de Execu\u00e7\u00e3o Penal do Esp\u00edrito Santo, institu\u00eddo pelo <a href=\"https:\/\/www.tjes.jus.br\/corregedoria\/2017\/04\/10\/ato-normativo-conjunto-no-0042017-disp-10042017\/\" target=\"_blank\" rel=\"noopener\">Ato Normativo Conjunto n\u00ba 04\/2017<\/a>, publicado no DJ de 10\/04\/2017.<\/p>\n<p style=\"text-align: justify;\"><strong>Art. 2\u00ba<\/strong>. O regime especial de atua\u00e7\u00e3o indicado no artigo anterior compreende a cria\u00e7\u00e3o excepcional de m\u00e9todos e rotinas coordenados para a gest\u00e3o administrativa do processamento das execu\u00e7\u00f5es penais, de modo a priorizar a an\u00e1lise dos casos de indulto, comuta\u00e7\u00e3o, liberdade condicional e progress\u00e3o de regime, observada essa ordem, sem preju\u00edzo de determina\u00e7\u00f5es relacionadas \u00e0 ocupa\u00e7\u00e3o dos espa\u00e7os prisionais.<\/p>\n<p style=\"text-align: justify;\"><strong>Par\u00e1grafo \u00fanico<\/strong> \u2013 O regime especial de atua\u00e7\u00e3o ter\u00e1 dura\u00e7\u00e3o de 01 (um)<em> ano, a partir da data de publica\u00e7\u00e3o do presente ato.<\/em><\/p>\n<p style=\"text-align: justify;\"><strong>Art. 3\u00ba.<\/strong> A Coordena\u00e7\u00e3o do GMF \u2013 Grupo de Monitoramento e Fiscaliza\u00e7\u00e3o do sistema prisional poder\u00e1 indicar \u00e0 Presid\u00eancia ju\u00edzes volunt\u00e1rios para atuar, com designa\u00e7\u00e3o especial, nas Varas de Execu\u00e7\u00e3o Penal durante a vig\u00eancia do regime especial de atua\u00e7\u00e3o, visando \u00e0 consecu\u00e7\u00e3o de seus objetivos.<\/p>\n<p style=\"text-align: justify;\"><strong>Art. 4\u00ba.<\/strong> Durante o per\u00edodo de vig\u00eancia do regime especial de atua\u00e7\u00e3o a Presid\u00eancia do Tribunal de Justi\u00e7a do Esp\u00edrito Santo poder\u00e1 designar, excepcionalmente, servidores e estagi\u00e1rios de outras unidades judici\u00e1rias nas Varas de Execu\u00e7\u00e3o Penal a fim de agilizar os trabalhos cartor\u00e1rios.<\/p>\n<p style=\"text-align: justify;\"><strong>Art. 5\u00ba.<\/strong> Visando atingir os objetivos do regime especial de atua\u00e7\u00e3o, poder\u00e1 o Tribunal de Justi\u00e7a do Esp\u00edrito Santo firmar parcerias com institui\u00e7\u00f5es externas, p\u00fablicas ou privadas, conforme a necessidade, inclusive para o fortalecimento da rede de assist\u00eancia social, de modo a qualificar a porta de sa\u00edda do sistema prisional.<\/p>\n<p style=\"text-align: justify;\"><strong>Art. 6\u00ba.<\/strong> Este Ato entrar\u00e1 em vigor na data de sua publica\u00e7\u00e3o, revogadas as disposi\u00e7\u00f5es em contr\u00e1rio.<\/p>\n<p style=\"text-align: justify;\"><strong>Publique-se.<\/strong><\/p>\n<p style=\"text-align: justify;\">Vit\u00f3ria\/ES, 19 de Outubro de 2017.<\/p>\n<p style=\"text-align: center;\"><strong>Desembargador ANNIBAL DE REZENDE LIMA<br \/>\n<\/strong><strong>Presidente TJ\/ES<\/strong><\/p>\n<p style=\"text-align: center;\"><strong>Desembargador FERNANDO ZARDINI ANTONIO<br \/>\n<\/strong><strong>Supervisor do Grupo de Monitoramento e Fiscaliza\u00e7\u00e3o do Sistema Prisional<\/strong><\/p>\n","protected":false},"excerpt":{"rendered":"<p>ESTADO DO ESP\u00cdRITO SANTO PODER JUDICI\u00c1RIO TRIBUNAL DE JUSTI\u00c7A GABINETE DA PRESID\u00caNCIA ATO NORMATIVO CONJUNTO N\u00ba 010\/2017 Prorroga o regime especial de atua\u00e7\u00e3o nas Varas de Execu\u00e7\u00e3o Penal do Estado do Esp\u00edrito Santo. O Excelent\u00edssimo Desembargador ANNIBAL DE REZENDE LIMA, DD. Presidente do Egr\u00e9gio Tribunal de Justi\u00e7a do Estado do Esp\u00edrito Santo e o Excelent\u00edssimo [&hellip;]<\/p>\n","protected":false},"author":3,"featured_media":0,"comment_status":"open","ping_status":"open","sticky":false,"template":"","format":"standard","meta":{"footnotes":""},"categories":[4,14],"tags":[],"_links":{"self":[{"href":"https:\/\/www.tjes.jus.br\/corregedoria\/wp-json\/wp\/v2\/posts\/20400"}],"collection":[{"href":"https:\/\/www.tjes.jus.br\/corregedoria\/wp-json\/wp\/v2\/posts"}],"about":[{"href":"https:\/\/www.tjes.jus.br\/corregedoria\/wp-json\/wp\/v2\/types\/post"}],"author":[{"embeddable":true,"href":"https:\/\/www.tjes.jus.br\/corregedoria\/wp-json\/wp\/v2\/users\/3"}],"replies":[{"embeddable":true,"href":"https:\/\/www.tjes.jus.br\/corregedoria\/wp-json\/wp\/v2\/comments?post=20400"}],"version-history":[{"count":2,"href":"https:\/\/www.tjes.jus.br\/corregedoria\/wp-json\/wp\/v2\/posts\/20400\/revisions"}],"predecessor-version":[{"id":20402,"href":"https:\/\/www.tjes.jus.br\/corregedoria\/wp-json\/wp\/v2\/posts\/20400\/revisions\/20402"}],"wp:attachment":[{"href":"https:\/\/www.tjes.jus.br\/corregedoria\/wp-json\/wp\/v2\/media?parent=20400"}],"wp:term":[{"taxonomy":"category","embeddable":true,"href":"https:\/\/www.tjes.jus.br\/corregedoria\/wp-json\/wp\/v2\/categories?post=20400"},{"taxonomy":"post_tag","embeddable":true,"href":"https:\/\/www.tjes.jus.br\/corregedoria\/wp-json\/wp\/v2\/tags?post=20400"}],"curies":[{"name":"wp","href":"https:\/\/api.w.org\/{rel}","templated":true}]}}