{"id":20673,"date":"2017-10-31T12:55:01","date_gmt":"2017-10-31T14:55:01","guid":{"rendered":"https:\/\/www.tjes.jus.br\/corregedoria\/?p=20673"},"modified":"2017-10-31T12:55:01","modified_gmt":"2017-10-31T14:55:01","slug":"ato-normativo-no-1642017-disp-31102017","status":"publish","type":"post","link":"https:\/\/www.tjes.jus.br\/corregedoria\/2017\/10\/31\/ato-normativo-no-1642017-disp-31102017\/","title":{"rendered":"ATO NORMATIVO N\u00ba 164\/2017 &#8211; DISP. 31\/10\/2017"},"content":{"rendered":"<p style=\"text-align: center;\"><strong>ESTADO DO ESP\u00cdRITO SANTO<\/strong><\/p>\n<p style=\"text-align: center;\"><strong>PODER JUDICI\u00c1RIO<\/strong><\/p>\n<p style=\"text-align: center;\"><strong>TRIBUNAL DE JUSTI\u00c7A<\/strong><\/p>\n<p style=\"text-align: center;\"><strong>GABINETE DA PRESID\u00caNCIA<\/strong><\/p>\n<p style=\"text-align: center;\"><strong>ATO NORMATIVO N\u00ba 164\/2017<\/strong><\/p>\n<p style=\"text-align: justify;\"><em>Institui o Mutir\u00e3o da Semana Nacional de Concilia\u00e7\u00e3o envolvendo institui\u00e7\u00f5es financeiras, empresa de energia el\u00e9trica e construtora, em tr\u00e2mite nas Comarcas de Vit\u00f3ria, Vila Velha, Cariacica, Viana, Serra e Guarapari.<\/em><\/p>\n<p style=\"text-align: justify;\">O Excelent\u00edssimo Desembargador ANNIBAL DE REZENDE LIMA, DD. Presidente do Egr\u00e9gio Tribunal de Justi\u00e7a do Estado do Esp\u00edrito Santo, no uso de suas atribui\u00e7\u00f5es legais e,<\/p>\n<p style=\"text-align: justify;\"><strong>CONSIDERANDO<\/strong> a <a href=\"https:\/\/www.tjes.jus.br\/corregedoria\/2017\/02\/16\/resolucao-no-032011-publ-em-24012011\/\" target=\"_blank\" rel=\"noopener\">Resolu\u00e7\u00e3o n\u00ba 003\/2011<\/a> que instituiu o N\u00facleo Permanente de M\u00e9todos Consensuais de Solu\u00e7\u00e3o de Conflitos do Poder Judici\u00e1rio do Estado do Esp\u00edrito Santo, posteriormente alterada pela <a href=\"https:\/\/www.tjes.jus.br\/corregedoria\/2017\/02\/21\/resolucao-no-192012-publ-em-17042012\/\" target=\"_blank\" rel=\"noopener\">Resolu\u00e7\u00e3o n\u00ba 19\/2012<\/a>;<\/p>\n<p style=\"text-align: justify;\"><strong>CONSIDERANDO<\/strong> a <a href=\"https:\/\/www.tjes.jus.br\/corregedoria\/2016\/07\/06\/resolucao-no-0172013-disp-13042013\/\" target=\"_blank\" rel=\"noopener\">Resolu\u00e7\u00e3o n\u00ba 017\/2013<\/a> que disciplina a institui\u00e7\u00e3o de Centros Judici\u00e1rios de Solu\u00e7\u00e3o de Conflitos e Cidadania no \u00e2mbito do Poder Judici\u00e1rio do Estado do Esp\u00edrito Santo, nos termos da <a href=\"https:\/\/www.tjes.jus.br\/corregedoria\/2016\/09\/14\/resolucao-cnj-no-125-de-29112010\/\" target=\"_blank\" rel=\"noopener\">Resolu\u00e7\u00e3o n\u00ba 125\/10 do CNJ<\/a>;<\/p>\n<p style=\"text-align: justify;\"><strong>CONSIDERANDO<\/strong> que aos \u00f3rg\u00e3os judici\u00e1rios incumbe, al\u00e9m da solu\u00e7\u00e3o mediante senten\u00e7a, oferecer outros mecanismos de solu\u00e7\u00e3o de controv\u00e9rsias, em especial os chamados meios consensuais, como a media\u00e7\u00e3o e a concilia\u00e7\u00e3o, bem como prestar atendimento e orienta\u00e7\u00e3o ao cidad\u00e3o.<\/p>\n<p style=\"text-align: justify;\"><strong>RESOLVE<\/strong>:<\/p>\n<p style=\"text-align: justify;\"><strong>Art. 1\u00ba <\/strong>\u2013 <strong>INSTITUIR<\/strong> o Mutir\u00e3o da Semana Nacional de Concilia\u00e7\u00e3o envolvendo institui\u00e7\u00f5es financeiras, empresas de energia el\u00e9trica e construtoras, em tr\u00e2mite nas Comarcas de Vit\u00f3ria, Vila Velha, Cariacica, Viana, Serra e Guarapari, no per\u00edodo de 27\/11\/17 a 07\/12\/17, no hor\u00e1rio das 8 horas \u00e0s 18 horas, no 7\u00ba CEJUSC &#8211; Cariacica, localizado no F\u00f3rum Doutor Am\u00e9rico Ribeiro Coelho, Rua S\u00e3o Jo\u00e3o Batista &#8211; n\u00ba 1000, Alto Laje \u2013 Cariacica\/ES.<\/p>\n<p style=\"text-align: justify;\">\u00a7 1\u00ba &#8211; Os Ju\u00edzes das Varas C\u00edveis e dos Juizados Especiais C\u00edveis, quando cientificados dos processos que participar\u00e3o do Mutir\u00e3o, bem como dia e hor\u00e1rio para as intima\u00e7\u00f5es, dever\u00e3o remet\u00ea-los at\u00e9 o dia 22\/11\/17, ao 7\u00ba Centro Judici\u00e1rio de Solu\u00e7\u00e3o de Conflito e Cidadania &#8211; Cariacica.<\/p>\n<p style=\"text-align: justify;\">\u00a7 2\u00ba \u2013 As empresas envolvidas no Mutir\u00e3o ser\u00e3o consideradas intimadas nas pessoas de seus advogados, conforme entendimento mantido previamente.<\/p>\n<p style=\"text-align: justify;\">\u00a7 3\u00ba &#8211; Antes de remeter os processos para o 7\u00ba CEJUSC, os Ju\u00edzes determinar\u00e3o a intima\u00e7\u00e3o da parte que n\u00e3o seja a empresa participante, bem como seu respectivo patrono, para o comparecimento em dia e hor\u00e1rio predeterminado, segundo pauta a ser disponibilizada para cada um dos Ju\u00edzos, munida de todos os documentos que entenderem pertinentes.<\/p>\n<p style=\"text-align: justify;\"><strong>Art. 2\u00ba <\/strong>&#8211; Ap\u00f3s o encerramento da audi\u00eancia e, na hip\u00f3tese de sucesso na efetiva\u00e7\u00e3o do acordo entre as partes, o mesmo ser\u00e1 imediatamente submetido \u00e0 homologa\u00e7\u00e3o por um dos Magistrados designados pela Presid\u00eancia.<\/p>\n<p style=\"text-align: justify;\"><strong>Art. 3\u00ba <\/strong>&#8211; Na hip\u00f3tese de n\u00e3o celebra\u00e7\u00e3o de acordo, os autos ser\u00e3o devolvidos ao Ju\u00edzo de Origem para seu regular prosseguimento.<\/p>\n<p style=\"text-align: justify;\">\u00a7 1\u00ba \u2013 No caso de processos eletr\u00f4nicos, o 7\u00ba CEJUSC remeter\u00e1 as atas das sess\u00f5es realizadas para as Varas de origem, tendo ou n\u00e3o obtido acordo, via e-mail, sendo que os originais seguir\u00e3o ap\u00f3s o t\u00e9rmino do evento, via Correio, a fim de serem juntadas ao processo independente do andamento processual.<\/p>\n<p style=\"text-align: justify;\">\u00a7 2\u00ba \u2013 Nos processos f\u00edsicos, as atas ser\u00e3o devidamente juntadas nos autos e estes ser\u00e3o remetidos \u00e0 Comarca de origem no prazo de 05 (cinco) dias \u00fateis ap\u00f3s a data fim do mutir\u00e3o.<\/p>\n<p style=\"text-align: justify;\"><strong>Art. 4\u00ba <\/strong>&#8211; Este Ato Normativo entra em vigor na data de sua publica\u00e7\u00e3o.<\/p>\n<p style=\"text-align: justify;\"><strong>Publique-se<\/strong>.<\/p>\n<p style=\"text-align: justify;\">Vit\u00f3ria, 27 de Outubro de 2017.<\/p>\n<p style=\"text-align: center;\"><strong>Des. ANNIBAL DE REZENDE LIMA<br \/>\nPresidente<\/strong><\/p>\n","protected":false},"excerpt":{"rendered":"<p>ESTADO DO ESP\u00cdRITO SANTO PODER JUDICI\u00c1RIO TRIBUNAL DE JUSTI\u00c7A GABINETE DA PRESID\u00caNCIA ATO NORMATIVO N\u00ba 164\/2017 Institui o Mutir\u00e3o da Semana Nacional de Concilia\u00e7\u00e3o envolvendo institui\u00e7\u00f5es financeiras, empresa de energia el\u00e9trica e construtora, em tr\u00e2mite nas Comarcas de Vit\u00f3ria, Vila Velha, Cariacica, Viana, Serra e Guarapari. O Excelent\u00edssimo Desembargador ANNIBAL DE REZENDE LIMA, DD. Presidente [&hellip;]<\/p>\n","protected":false},"author":3,"featured_media":0,"comment_status":"open","ping_status":"open","sticky":false,"template":"","format":"standard","meta":{"footnotes":""},"categories":[4,14],"tags":[],"_links":{"self":[{"href":"https:\/\/www.tjes.jus.br\/corregedoria\/wp-json\/wp\/v2\/posts\/20673"}],"collection":[{"href":"https:\/\/www.tjes.jus.br\/corregedoria\/wp-json\/wp\/v2\/posts"}],"about":[{"href":"https:\/\/www.tjes.jus.br\/corregedoria\/wp-json\/wp\/v2\/types\/post"}],"author":[{"embeddable":true,"href":"https:\/\/www.tjes.jus.br\/corregedoria\/wp-json\/wp\/v2\/users\/3"}],"replies":[{"embeddable":true,"href":"https:\/\/www.tjes.jus.br\/corregedoria\/wp-json\/wp\/v2\/comments?post=20673"}],"version-history":[{"count":1,"href":"https:\/\/www.tjes.jus.br\/corregedoria\/wp-json\/wp\/v2\/posts\/20673\/revisions"}],"predecessor-version":[{"id":20674,"href":"https:\/\/www.tjes.jus.br\/corregedoria\/wp-json\/wp\/v2\/posts\/20673\/revisions\/20674"}],"wp:attachment":[{"href":"https:\/\/www.tjes.jus.br\/corregedoria\/wp-json\/wp\/v2\/media?parent=20673"}],"wp:term":[{"taxonomy":"category","embeddable":true,"href":"https:\/\/www.tjes.jus.br\/corregedoria\/wp-json\/wp\/v2\/categories?post=20673"},{"taxonomy":"post_tag","embeddable":true,"href":"https:\/\/www.tjes.jus.br\/corregedoria\/wp-json\/wp\/v2\/tags?post=20673"}],"curies":[{"name":"wp","href":"https:\/\/api.w.org\/{rel}","templated":true}]}}