{"id":20729,"date":"2017-11-01T16:15:38","date_gmt":"2017-11-01T18:15:38","guid":{"rendered":"https:\/\/www.tjes.jus.br\/corregedoria\/?p=20729"},"modified":"2017-11-01T16:27:26","modified_gmt":"2017-11-01T18:27:26","slug":"provimento-no-0292005-publ-12082005","status":"publish","type":"post","link":"https:\/\/www.tjes.jus.br\/corregedoria\/2017\/11\/01\/provimento-no-0292005-publ-12082005\/","title":{"rendered":"PROVIMENTO N\u00ba 029\/2005 &#8211; PUBL. 12\/08\/2005"},"content":{"rendered":"<p style=\"text-align: center;\"><strong>ESTADO DO ESP\u00cdRITO SANTO<\/strong><\/p>\n<p style=\"text-align: center;\"><strong>PODER JUDICI\u00c1RIO<\/strong><\/p>\n<p style=\"text-align: center;\"><strong>CORREGEDORIA GERAL DA JUSTI\u00c7A<\/strong><\/p>\n<p style=\"text-align: center;\"><strong>PROVIMENTO N\u00ba 029\/2005<\/strong><\/p>\n<p style=\"text-align: justify;\">O Exm\u00ba. Sr. Desembargador FREDERICO GUILHERME PIMENTEL, Corregedor Geral da Justi\u00e7a do Estado do Esp\u00edrito Santo, no exerc\u00edcio de suas atribui\u00e7\u00f5es legais.<\/p>\n<p style=\"text-align: justify;\"><strong>CONSIDERANDO<\/strong> que a Corregedoria Geral da Justi\u00e7a do Estado do Esp\u00edrito Santo \u00e9 \u00f3rg\u00e3o de fiscaliza\u00e7\u00e3o, disciplina e orienta\u00e7\u00e3o administrativa, com jurisdi\u00e7\u00e3o em todo Estado, conforme artigo 2\u00ba da Lei Complementar Estadual 83\/96;<\/p>\n<p style=\"text-align: justify;\"><strong>CONSIDERANDO<\/strong> que os servi\u00e7os notariais e de registro s\u00e3o destinados a assegurar publicidade, autenticidade, seguran\u00e7a e efic\u00e1cia dos atos jur\u00eddicos, competindo ao Poder Judici\u00e1rio zelar para que sejam prestados com celeridade, qualidade e efici\u00eancia, conforme disposto nos art.s 1\u00ba e 38 da Lei Federal n.\u00ba 8.935\/94, adotando, sempre que necess\u00e1rio, as provid\u00eancias adequadas para resguardar o interesse p\u00fablico;<\/p>\n<p style=\"text-align: justify;\"><strong>CONSIDERANDO<\/strong> o art. 3\u00ba, da Lei Estadual n\u00ba. 7.959\/04, publicada no Di\u00e1rio Oficial em 20 de dezembro de 2004, que atribui \u00e0 Corregedoria Geral da Justi\u00e7a compet\u00eancia, por ato pr\u00f3prio, baixar as instru\u00e7\u00f5es normativas necess\u00e1rias complementares \u00e0 operacionalidade e funcionalidade da implanta\u00e7\u00e3o do mecanismo de fiscaliza\u00e7\u00e3o;<\/p>\n<p style=\"text-align: justify;\"><strong>CONSIDERANDO<\/strong>, finalmente, a necessidade de ajustes t\u00e9cnicos, visando uma correta e efetiva aplica\u00e7\u00e3o das regras disciplinadas no <a href=\"https:\/\/www.tjes.jus.br\/corregedoria\/2016\/10\/13\/provimento-n-262005-disp-06072005\/\" target=\"_blank\" rel=\"noopener\">Provimento N\u00ba 026\/05<\/a>, publicado no Di\u00e1rio da Justi\u00e7a em 05 de julho de 2005.<\/p>\n<p style=\"text-align: justify;\"><strong>R E S O L V E<\/strong><\/p>\n<p style=\"text-align: justify;\"><strong>Art. 1\u00ba <\/strong>&#8211; Determinar a obrigatoriedade do uso dos Selos de Fiscaliza\u00e7\u00e3o dos atos praticados pelos Servi\u00e7os Notarias e de Registro do Estado do Esp\u00edrito Santo, a partir do dia 03 de outubro de 2005.<\/p>\n<p style=\"text-align: justify;\">\u00a7 1\u00ba &#8211; O primeiro pedido para a remessa inicial dos Selos de Fiscaliza\u00e7\u00e3o dever\u00e1 estar cadastrado nesta Corregedoria no per\u00edodo do dia 26 de agosto a 12 de setembro de 2005.<\/p>\n<p style=\"text-align: justify;\">\u00a7 2\u00ba &#8211; Os Titulares dos Servi\u00e7os Notariais e de Registro dever\u00e3o efetuar o pagamento pr\u00e9vio dos m\u00faltiplos dos selos requisitados atrav\u00e9s da Guia \u00danica do Poder Judici\u00e1rio no <strong>c\u00f3digo de receita n\u00ba 205<\/strong>.<\/p>\n<p style=\"text-align: justify;\">\u00a7 3\u00ba &#8211; Ap\u00f3s o primeiro pedido, os Titulares dos Servi\u00e7os Notariais e de Registro, dever\u00e3o manter a periodicidade dos pedidos dos selos respeitando a classifica\u00e7\u00e3o das Comarcas, conforme <a href=\"https:\/\/www.tjes.jus.br\/corregedoria\/wp-content\/uploads\/2017\/11\/Provimento_29-2005_Anexo_I.pdf\">ANEXO I<\/a>, ou seja, pedido mensal para de grande porte, bimestral para de m\u00e9dio e trimestral para pequeno.<\/p>\n<p style=\"text-align: justify;\"><strong>Art. 2\u00ba <\/strong>&#8211; Estabelecer um novo MODELO DE RELAT\u00d3RIO para os ATOS PRATICADOS a partir do dia 03 de outubro de 2005, conforme <a href=\"https:\/\/www.tjes.jus.br\/corregedoria\/wp-content\/uploads\/2017\/11\/Provimento_29-2005_Anexo_II.pdf\">ANEXO II<\/a>.<\/p>\n<p style=\"text-align: justify;\"><strong>Art. 3\u00ba <\/strong>&#8211; Estabelecer o MODELO DE RELAT\u00d3RIO DOS SELOS DE FISCALIZA\u00c7\u00c3O, conforme <a href=\"https:\/\/www.tjes.jus.br\/corregedoria\/wp-content\/uploads\/2017\/11\/Provimento_29-2005_Anexo_III.pdf\">ANEXO III<\/a>.<\/p>\n<p style=\"text-align: justify;\"><strong>Art. 4\u00ba <\/strong>&#8211; Os relat\u00f3rios referidos nos arts. 2\u00ba e 3\u00ba dever\u00e3o ser enviados aos seus destinat\u00e1rios at\u00e9 o 5\u00ba (quinto) dia do m\u00eas subseq\u00fcente.<\/p>\n<p style=\"text-align: justify;\"><strong>Art. 5\u00ba <\/strong>&#8211; Os valores a serem recolhidos para o FUNEPJ \u2013 Fundo Especial do Poder Judici\u00e1rio do Estado do Esp\u00edrito Santo no c\u00f3digo de receita 183, dever\u00e1, a partir do dia 01 de setembro de 2005, ser efetuado na GUIA \u00daNICA DO PODER JUDICI\u00c1RIO.<\/p>\n<p style=\"text-align: justify;\"><strong>Art. 6\u00ba <\/strong>&#8211; A GUIA \u00daNICA DO PODER JUDICI\u00c1RIO ser\u00e1 disponibilizada no site desta Corregedoria www.cgj.es.gov.br, nas Contadorias e nas Secretarias dos ju\u00edzos das Comarcas.<\/p>\n<p style=\"text-align: justify;\"><strong>Art. 7\u00ba <\/strong>&#8211; Este Provimento entra em vigor na data de sua publica\u00e7\u00e3o, revogadas as disposi\u00e7\u00f5es em contr\u00e1rio.<\/p>\n<p style=\"text-align: justify;\"><strong>REGISTRE-SE.<\/strong><\/p>\n<p style=\"text-align: justify;\"><strong>PUBLIQUE-SE<\/strong>.<\/p>\n<p style=\"text-align: justify;\"><strong>CUMPRA-SE<\/strong>.<\/p>\n<p style=\"text-align: justify;\">Vit\u00f3ria, 03 de agosto de 2005.<\/p>\n<p style=\"text-align: center;\"><strong>Desembargador FREDERICO GUILHERME PIMENTEL<br \/>\nCORREGEDOR GERAL DA JUSTI\u00c7A<\/strong><\/p>\n<h3 style=\"text-align: center;\">ANEXO I (<a href=\"https:\/\/www.tjes.jus.br\/corregedoria\/wp-content\/uploads\/2017\/11\/Provimento_29-2005_Anexo_I.pdf\">CLIQUE AQUI<\/a>)<\/h3>\n<h3 style=\"text-align: center;\">ANEXO II (<a href=\"https:\/\/www.tjes.jus.br\/corregedoria\/wp-content\/uploads\/2017\/11\/Provimento_29-2005_Anexo_II.pdf\">CLIQUE AQUI<\/a>)<\/h3>\n<h3 style=\"text-align: center;\">ANEXO III (<a href=\"https:\/\/www.tjes.jus.br\/corregedoria\/wp-content\/uploads\/2017\/11\/Provimento_29-2005_Anexo_III.pdf\">CLIQUE AQUI<\/a>)<\/h3>\n","protected":false},"excerpt":{"rendered":"<p>ESTADO DO ESP\u00cdRITO SANTO PODER JUDICI\u00c1RIO CORREGEDORIA GERAL DA JUSTI\u00c7A PROVIMENTO N\u00ba 029\/2005 O Exm\u00ba. Sr. Desembargador FREDERICO GUILHERME PIMENTEL, Corregedor Geral da Justi\u00e7a do Estado do Esp\u00edrito Santo, no exerc\u00edcio de suas atribui\u00e7\u00f5es legais. CONSIDERANDO que a Corregedoria Geral da Justi\u00e7a do Estado do Esp\u00edrito Santo \u00e9 \u00f3rg\u00e3o de fiscaliza\u00e7\u00e3o, disciplina e orienta\u00e7\u00e3o administrativa, [&hellip;]<\/p>\n","protected":false},"author":3,"featured_media":0,"comment_status":"open","ping_status":"open","sticky":false,"template":"","format":"standard","meta":{"footnotes":""},"categories":[14,16],"tags":[],"_links":{"self":[{"href":"https:\/\/www.tjes.jus.br\/corregedoria\/wp-json\/wp\/v2\/posts\/20729"}],"collection":[{"href":"https:\/\/www.tjes.jus.br\/corregedoria\/wp-json\/wp\/v2\/posts"}],"about":[{"href":"https:\/\/www.tjes.jus.br\/corregedoria\/wp-json\/wp\/v2\/types\/post"}],"author":[{"embeddable":true,"href":"https:\/\/www.tjes.jus.br\/corregedoria\/wp-json\/wp\/v2\/users\/3"}],"replies":[{"embeddable":true,"href":"https:\/\/www.tjes.jus.br\/corregedoria\/wp-json\/wp\/v2\/comments?post=20729"}],"version-history":[{"count":5,"href":"https:\/\/www.tjes.jus.br\/corregedoria\/wp-json\/wp\/v2\/posts\/20729\/revisions"}],"predecessor-version":[{"id":20737,"href":"https:\/\/www.tjes.jus.br\/corregedoria\/wp-json\/wp\/v2\/posts\/20729\/revisions\/20737"}],"wp:attachment":[{"href":"https:\/\/www.tjes.jus.br\/corregedoria\/wp-json\/wp\/v2\/media?parent=20729"}],"wp:term":[{"taxonomy":"category","embeddable":true,"href":"https:\/\/www.tjes.jus.br\/corregedoria\/wp-json\/wp\/v2\/categories?post=20729"},{"taxonomy":"post_tag","embeddable":true,"href":"https:\/\/www.tjes.jus.br\/corregedoria\/wp-json\/wp\/v2\/tags?post=20729"}],"curies":[{"name":"wp","href":"https:\/\/api.w.org\/{rel}","templated":true}]}}