{"id":20778,"date":"2017-11-07T13:59:15","date_gmt":"2017-11-07T15:59:15","guid":{"rendered":"https:\/\/www.tjes.jus.br\/corregedoria\/?p=20778"},"modified":"2017-11-07T14:01:52","modified_gmt":"2017-11-07T16:01:52","slug":"ato-no-0792017-disp-02062017","status":"publish","type":"post","link":"https:\/\/www.tjes.jus.br\/corregedoria\/2017\/11\/07\/ato-no-0792017-disp-02062017\/","title":{"rendered":"ATO N\u00ba 079\/2017 &#8211; DISP. 02\/06\/2017 &#8211; EFEITOS CESSADOS"},"content":{"rendered":"<p align=\"center\"><del><strong>CORREGEDORIA GERAL DA JUSTI\u00c7A<\/strong><\/del><\/p>\n<p align=\"center\"><del><strong>PODER JUDICI\u00c1RIO<\/strong><\/del><\/p>\n<p align=\"center\"><del><strong>ESTADO DO ESP\u00cdRITO SANTO<\/strong><\/del><\/p>\n<p align=\"center\"><del><strong>ATO N\u00ba <\/strong><strong>0<\/strong><strong>79<\/strong><strong>\/201<\/strong><strong>7<\/strong><\/del><\/p>\n<p style=\"text-align: justify;\" align=\"justify\"><del>O Desembargador RONALDO GON\u00c7ALVES DE SOUSA, Corregedor-Geral da Justi\u00e7a do Estado do Esp\u00edrito Santo, no uso de suas atribui\u00e7\u00f5es legais e de acordo com r. Decis\u00e3o\/Of\u00edcio CMFE N\u00ba 0423\/2017, proferida nos autos do Processo Administrativo Disciplinar n\u00ba 2013.01.322.486, desta Corregedoria Geral da Justi\u00e7a,<\/del><\/p>\n<p style=\"text-align: justify;\" align=\"justify\"><del><strong>R<\/strong><strong>ESOLVE:<\/strong><\/del><\/p>\n<p style=\"text-align: justify;\" align=\"justify\"><del><strong>DE<\/strong><strong>SIGNAR<\/strong> o <strong>S<\/strong><strong>r<\/strong>.\u00a0<strong>Fernando Brand\u00e3o Coelho <\/strong><strong>Vieira<\/strong>, delegat\u00e1rio titular do Cart\u00f3rio do Registro Civil e Tabelionato do 1\u00ba Distrito da Sede<strong>, <\/strong>para responder em car\u00e1ter prec\u00e1rio e interinamente, em confian\u00e7a do Poder P\u00fablico, at\u00e9 ulterior provimento da titularidade do servi\u00e7o mediante investidura nos moldes constitucionais (CRFB\/1988, art. 236, \u00a73\u00ba), pelo Cart\u00f3rio do Registro Civil e Tabelionato do Distrito de Vargem Grande de Soturno, ambos da Comarca de Cachoeiro de Itapemirim\/ES.<\/del><\/p>\n<p style=\"text-align: justify;\" align=\"justify\"><del><strong>Publique-se.<\/strong><\/del><\/p>\n<p style=\"text-align: justify;\" align=\"justify\"><del>Vit\u00f3ria-ES, 28 de maio de 2017.<\/del><\/p>\n<p style=\"text-align: center;\" align=\"justify\"><del><strong>Desembargador<\/strong><strong>RONALDO GON\u00c7ALVES DE SOU<\/strong><strong>S<\/strong><strong>A<br \/>\n<\/strong><strong>Corregedor-Geral da Justi\u00e7a<\/strong><\/del><\/p>\n<h2 style=\"text-align: center;\" align=\"justify\"><span style=\"color: #ff0000;\">EFEITOS CESSADOS PELO\u00a0<a href=\"https:\/\/www.tjes.jus.br\/corregedoria\/2017\/11\/07\/ato-no-1022017-disp-07112017\/\" target=\"_blank\" rel=\"noopener\">ATO N\u00ba 102\/2017<\/a> &#8211; DISP. 07\/11\/2017<\/span><\/h2>\n","protected":false},"excerpt":{"rendered":"<p>CORREGEDORIA GERAL DA JUSTI\u00c7A PODER JUDICI\u00c1RIO ESTADO DO ESP\u00cdRITO SANTO ATO N\u00ba 079\/2017 O Desembargador RONALDO GON\u00c7ALVES DE SOUSA, Corregedor-Geral da Justi\u00e7a do Estado do Esp\u00edrito Santo, no uso de suas atribui\u00e7\u00f5es legais e de acordo com r. Decis\u00e3o\/Of\u00edcio CMFE N\u00ba 0423\/2017, proferida nos autos do Processo Administrativo Disciplinar n\u00ba 2013.01.322.486, desta Corregedoria Geral da [&hellip;]<\/p>\n","protected":false},"author":3,"featured_media":0,"comment_status":"open","ping_status":"open","sticky":false,"template":"","format":"standard","meta":{"footnotes":""},"categories":[18],"tags":[],"_links":{"self":[{"href":"https:\/\/www.tjes.jus.br\/corregedoria\/wp-json\/wp\/v2\/posts\/20778"}],"collection":[{"href":"https:\/\/www.tjes.jus.br\/corregedoria\/wp-json\/wp\/v2\/posts"}],"about":[{"href":"https:\/\/www.tjes.jus.br\/corregedoria\/wp-json\/wp\/v2\/types\/post"}],"author":[{"embeddable":true,"href":"https:\/\/www.tjes.jus.br\/corregedoria\/wp-json\/wp\/v2\/users\/3"}],"replies":[{"embeddable":true,"href":"https:\/\/www.tjes.jus.br\/corregedoria\/wp-json\/wp\/v2\/comments?post=20778"}],"version-history":[{"count":4,"href":"https:\/\/www.tjes.jus.br\/corregedoria\/wp-json\/wp\/v2\/posts\/20778\/revisions"}],"predecessor-version":[{"id":20783,"href":"https:\/\/www.tjes.jus.br\/corregedoria\/wp-json\/wp\/v2\/posts\/20778\/revisions\/20783"}],"wp:attachment":[{"href":"https:\/\/www.tjes.jus.br\/corregedoria\/wp-json\/wp\/v2\/media?parent=20778"}],"wp:term":[{"taxonomy":"category","embeddable":true,"href":"https:\/\/www.tjes.jus.br\/corregedoria\/wp-json\/wp\/v2\/categories?post=20778"},{"taxonomy":"post_tag","embeddable":true,"href":"https:\/\/www.tjes.jus.br\/corregedoria\/wp-json\/wp\/v2\/tags?post=20778"}],"curies":[{"name":"wp","href":"https:\/\/api.w.org\/{rel}","templated":true}]}}