{"id":20904,"date":"2017-11-10T17:56:04","date_gmt":"2017-11-10T19:56:04","guid":{"rendered":"https:\/\/www.tjes.jus.br\/corregedoria\/?p=20904"},"modified":"2017-11-10T18:06:18","modified_gmt":"2017-11-10T20:06:18","slug":"cgj-inaugura-quadros-dos-antigos-corregedores","status":"publish","type":"post","link":"https:\/\/www.tjes.jus.br\/corregedoria\/2017\/11\/10\/cgj-inaugura-quadros-dos-antigos-corregedores\/","title":{"rendered":"CGJ inaugura quadros dos antigos Corregedores"},"content":{"rendered":"<p><a href=\"https:\/\/www.tjes.jus.br\/corregedoria\/wp-content\/uploads\/2017\/11\/Inauguracao_quadros_CGJ_foto_2.jpg\"><img loading=\"lazy\" decoding=\"async\" class=\"alignleft wp-image-20902 size-medium\" src=\"https:\/\/www.tjes.jus.br\/corregedoria\/wp-content\/uploads\/2017\/11\/Inauguracao_quadros_CGJ_foto_2-300x225.jpg\" alt=\"\" width=\"300\" height=\"225\" srcset=\"https:\/\/www.tjes.jus.br\/corregedoria\/wp-content\/uploads\/2017\/11\/Inauguracao_quadros_CGJ_foto_2-300x225.jpg 300w, https:\/\/www.tjes.jus.br\/corregedoria\/wp-content\/uploads\/2017\/11\/Inauguracao_quadros_CGJ_foto_2.jpg 1150w\" sizes=\"(max-width: 300px) 100vw, 300px\" \/><\/a><\/p>\n<p style=\"text-align: justify;\">A Corregedoria Geral da Justi\u00e7a, pelo Corregedor, Desembargador Ronaldo Gon\u00e7alves de Sousa, inaugurou, nesta quinta-feira (09), os quadros com as fotografias dos Desembargadores Carlos Henrique Rios do Amaral e Carlos Roberto Mignone, Corregedores-Gerais da Justi\u00e7a nos bi\u00eanios 2012\/2013 e 2014\/2015, respectivamente.<\/p>\n<p style=\"text-align: justify;\">Os quadros ficam na galeria de fotografia no \u00e1trio da Corregedoria-Geral da Justi\u00e7a. A solenidade de homenagem aos antigos Corregedores, realizada no Audit\u00f3rio da Corregedoria, foi presidida pelo Corregedor-Geral da Justi\u00e7a Desembargador Ronaldo Gon\u00e7alves de Sousa, e contou com a presen\u00e7a do Presidente do TJES, Desembargador Annibal de Rezende Lima, do Vice-Presidente, Desembargador Fabio Clem de Oliveira, do Vice-Corregedor Jos\u00e9 Paulo Calmon Nogueira da Gama, do Presidente do TRE, Desembargador Sergio Luiz Teixeira da Gama, dos homenageados Desembargador Carlos Roberto Mignone e do Juiz de Direito Carlos Henrique Rios do Amaral Filho, representando o pai Desembargador Carlos Henrique Rios do Amaral, que n\u00e3o pode estar presente. Tamb\u00e9m prestigiaram o evento desembargadores, ju\u00edzes e servidores do Poder Judici\u00e1rio do ES.<\/p>\n<p style=\"text-align: justify;\">O Corregedor, Desembargador Ronaldo Gon\u00e7alves de Sousa destacou com gratid\u00e3o a oportunidade por realizar a sess\u00e3o de homenagem aos Desembargadores Carlos Henrique Rios do Amaral e Carlos Roberto Mignone. \u201cOs ilustres colegas deixaram um legado estrutural e humano na CGJES imprescind\u00edvel para a continuidade eficiente e satisfat\u00f3ria dos trabalhos implementados, mantidos e aperfei\u00e7oados ao longo das gest\u00f5es anteriores e subsequentes\u201d.<\/p>\n<p style=\"text-align: justify;\"><a href=\"https:\/\/www.tjes.jus.br\/corregedoria\/wp-content\/uploads\/2017\/11\/Inauguracao_quadros_CGJ_foto_3.jpg\"><img loading=\"lazy\" decoding=\"async\" class=\"alignright wp-image-20901 size-medium\" src=\"https:\/\/www.tjes.jus.br\/corregedoria\/wp-content\/uploads\/2017\/11\/Inauguracao_quadros_CGJ_foto_3-300x225.jpg\" alt=\"\" width=\"300\" height=\"225\" srcset=\"https:\/\/www.tjes.jus.br\/corregedoria\/wp-content\/uploads\/2017\/11\/Inauguracao_quadros_CGJ_foto_3-300x225.jpg 300w, https:\/\/www.tjes.jus.br\/corregedoria\/wp-content\/uploads\/2017\/11\/Inauguracao_quadros_CGJ_foto_3.jpg 888w\" sizes=\"(max-width: 300px) 100vw, 300px\" \/><\/a>Para Carlos Henrique Rios do Amaral Filho, a cerim\u00f4nia \u00e9 um momento de muita emo\u00e7\u00e3o, pois seu pai sempre foi um motivo de orgulho para toda sua fam\u00edlia, por sua dedica\u00e7\u00e3o e \u00e9tica como magistrado e pela preocupa\u00e7\u00e3o que sempre teve com a uni\u00e3o e integra\u00e7\u00e3o de todos que trabalhavam na corregedoria, servidores e ju\u00edzes, \u201cespecialmente no sentido de orientar os ju\u00edzes em momentos de crise, dando uma palavra de afago e aten\u00e7\u00e3o a todos que dele precisaram\u201d, destacou.<\/p>\n<p style=\"text-align: justify;\">Segundo o Desembargador Carlos Roberto Mignone, um dos homenageados, a cerim\u00f4nia foi uma oportunidade muito prazerosa de reencontrar os amigos. O desembargador tamb\u00e9m expressou sua satisfa\u00e7\u00e3o em saber que sua imagem est\u00e1 perpetuada no mural de ex-corregedores: \u201cEstou seguramente em boa companhia\u201d, destacou.<\/p>\n","protected":false},"excerpt":{"rendered":"<p>A Corregedoria Geral da Justi\u00e7a, pelo Corregedor, Desembargador Ronaldo Gon\u00e7alves de Sousa, inaugurou, nesta quinta-feira (09), os quadros com as fotografias dos Desembargadores Carlos Henrique Rios do Amaral e Carlos Roberto Mignone, Corregedores-Gerais da Justi\u00e7a nos bi\u00eanios 2012\/2013 e 2014\/2015, respectivamente. Os quadros ficam na galeria de fotografia no \u00e1trio da Corregedoria-Geral da Justi\u00e7a. A [&hellip;]<\/p>\n","protected":false},"author":3,"featured_media":0,"comment_status":"open","ping_status":"open","sticky":false,"template":"","format":"standard","meta":{"footnotes":""},"categories":[1],"tags":[],"_links":{"self":[{"href":"https:\/\/www.tjes.jus.br\/corregedoria\/wp-json\/wp\/v2\/posts\/20904"}],"collection":[{"href":"https:\/\/www.tjes.jus.br\/corregedoria\/wp-json\/wp\/v2\/posts"}],"about":[{"href":"https:\/\/www.tjes.jus.br\/corregedoria\/wp-json\/wp\/v2\/types\/post"}],"author":[{"embeddable":true,"href":"https:\/\/www.tjes.jus.br\/corregedoria\/wp-json\/wp\/v2\/users\/3"}],"replies":[{"embeddable":true,"href":"https:\/\/www.tjes.jus.br\/corregedoria\/wp-json\/wp\/v2\/comments?post=20904"}],"version-history":[{"count":6,"href":"https:\/\/www.tjes.jus.br\/corregedoria\/wp-json\/wp\/v2\/posts\/20904\/revisions"}],"predecessor-version":[{"id":20910,"href":"https:\/\/www.tjes.jus.br\/corregedoria\/wp-json\/wp\/v2\/posts\/20904\/revisions\/20910"}],"wp:attachment":[{"href":"https:\/\/www.tjes.jus.br\/corregedoria\/wp-json\/wp\/v2\/media?parent=20904"}],"wp:term":[{"taxonomy":"category","embeddable":true,"href":"https:\/\/www.tjes.jus.br\/corregedoria\/wp-json\/wp\/v2\/categories?post=20904"},{"taxonomy":"post_tag","embeddable":true,"href":"https:\/\/www.tjes.jus.br\/corregedoria\/wp-json\/wp\/v2\/tags?post=20904"}],"curies":[{"name":"wp","href":"https:\/\/api.w.org\/{rel}","templated":true}]}}