{"id":20979,"date":"2017-11-14T13:31:16","date_gmt":"2017-11-14T15:31:16","guid":{"rendered":"https:\/\/www.tjes.jus.br\/corregedoria\/?p=20979"},"modified":"2017-11-14T13:32:16","modified_gmt":"2017-11-14T15:32:16","slug":"ato-no-332016-disp-16112016-republicado","status":"publish","type":"post","link":"https:\/\/www.tjes.jus.br\/corregedoria\/2017\/11\/14\/ato-no-332016-disp-16112016-republicado\/","title":{"rendered":"ATO N\u00ba 33\/2016 &#8211; DISP. 16\/11\/2016 &#8211; REPUBLICADO"},"content":{"rendered":"<h2 style=\"text-align: center;\"><span style=\"color: #ff0000;\">REPUBLICADO EM 18\/11\/2016 POR TER SIDO REDIGIDO COM INCORRE\u00c7\u00c3O (<a href=\"https:\/\/www.tjes.jus.br\/corregedoria\/2016\/11\/16\/ato-no-0332016-disp-em-16112016\/\">CLIQUE AQUI<\/a>)<\/span><\/h2>\n<p style=\"text-align: center;\"><del><strong>CORREGEDORIA GERAL DA JUSTI\u00c7A<\/strong><\/del><\/p>\n<p style=\"text-align: center;\"><del><strong>PODER JUDICI\u00c1RIO<\/strong><\/del><\/p>\n<p style=\"text-align: center;\"><del><strong>ESTADO DO ESP\u00cdRITO SANTO<\/strong><\/del><\/p>\n<p style=\"text-align: center;\"><del><strong>ATO N\u00ba 33\/2016<\/strong><\/del><\/p>\n<p style=\"text-align: justify;\"><del>O Desembargador <strong>RONALDO GON\u00c7ALVES DE SOUSA<\/strong>, Corregedor-Geral da Justi\u00e7a, no uso de suas atribui\u00e7\u00f5es e,<\/del><\/p>\n<p style=\"text-align: justify;\"><del><strong>CONSIDERANDO<\/strong> a edi\u00e7\u00e3o da Lei Estadual n\u00ba 9.974\/2013, datada de 09 de janeiro de 2013, publicada no Di\u00e1rio Oficial dos Poderes do Estado de 10 de janeiro de 2013, com altera\u00e7\u00f5es introduzidas pela Lei Estadual n\u00ba 10.178\/2014, datada de 14 de mar\u00e7o de 2014, publicada no Di\u00e1rio Oficial dos Poderes do Estado de 17 de mar\u00e7o de 2014, que \u201cdisp\u00f5e sobre o Regimento de Custas e adota outras provid\u00eancias\u201d;<\/del><\/p>\n<p style=\"text-align: justify;\"><del><strong>CONSIDERANDO<\/strong> que o par\u00e1grafo \u00fanico do artigo 35 da Lei n\u00ba 9.974\/2013 preconiza que cumpre \u00e0 Corregedoria Geral da Justi\u00e7a do Estado do Esp\u00edrito Santo publicar, anualmente, a tabela detalhada de classes processuais, consoante a taxonomia adotada pelo Conselho Nacional de Justi\u00e7a, constando a import\u00e2ncia das custas em Valor de Refer\u00eancia do Tesouro Estadual do Esp\u00edrito Santo \u2013 VRTE, e o correspondente, devidamente atualizado, em moeda vigente;<\/del><\/p>\n<p style=\"text-align: justify;\"><del><strong>CONSIDERANDO<\/strong> a edi\u00e7\u00e3o da nova Taxonomia adotada pelo Conselho Nacional de Justi\u00e7a vers\u00e3o datada de 06\/09\/2016.<\/del><\/p>\n<p style=\"text-align: justify;\"><del><strong>CONSIDERANDO<\/strong> que o artigo 1\u00ba do Decreto Estadual 3.904-R, datado de 07 de dezembro de 2015, publicado no Di\u00e1rio Oficial dos Poderes do Estado de 08 de dezembro de 2015, disp\u00f5e que o Valor de Refer\u00eancia do Tesouro Estadual do Esp\u00edrito Santo \u2013 VRTE, no exerc\u00edcio de 2016, ser\u00e1 de R$ 2,9539 (dois reais, nove mil quinhentos e trinta e nove d\u00e9cimos de mil\u00e9simo de real).<\/del><\/p>\n<p style=\"text-align: justify;\"><del><strong>RESOLVE<\/strong>:<\/del><\/p>\n<p style=\"text-align: justify;\"><del>I \u2013 <strong>DETERMINAR<\/strong> a publica\u00e7\u00e3o detalhada da Tabela de Classes Processuais criada pelo Conselho Nacional de Justi\u00e7a e demonstrando a import\u00e2ncia das custas judiciais em Valor de Refer\u00eancia do Tesouro Estadual do Esp\u00edrito Santo \u2013 VRTE, e o correspondente, devidamente atualizado, em moeda vigente.<\/del><\/p>\n<p style=\"text-align: justify;\"><del>II \u2013 <strong>DETERMINAR<\/strong> a disponibiliza\u00e7\u00e3o da Tabela de Classes Processuais, no <em>site<\/em> do Tribunal de Justi\u00e7a do Estado do Esp\u00edrito Santo, no endere\u00e7o eletr\u00f4nico <a href=\"https:\/\/www.tjes.jus.br\/\">www.tjes.jus.br<\/a>, no menu \u201cServi\u00e7os\u201d, item \u201cCustas processuais\u201d, de acordo com a Taxonomia adotada pelo Conselho Nacional de Justi\u00e7a e parametrizadas com base na Lei Estadual n\u00ba 9.974\/2013 datada de 09 de janeiro de 2013, publicada no Di\u00e1rio Oficial de 10 da janeiro de 2013, com as altera\u00e7\u00f5es que lhe foram introduzidas pela Lei Estadual 10.178\/2014, datada de 14 de mar\u00e7o de 2014, publicada no Di\u00e1rio Oficial de 17 de mar\u00e7o de 2014.<\/del><\/p>\n<p style=\"text-align: justify;\"><del>III \u2013 Este ato entra em vigor na data de sua publica\u00e7\u00e3o.<\/del><\/p>\n<p style=\"text-align: justify;\"><del>Vit\u00f3ria- ES, 10 de novembro de 2016.<\/del><\/p>\n<p style=\"text-align: center;\"><del><strong>DESEMBARGADOR RONALDO GON\u00c7ALVES SOUSA<br \/>\nCORREGEDOR GERAL DA JUSTI\u00c7A<\/strong><\/del><\/p>\n<h3 style=\"text-align: center;\"><del>TABELAS DE CLASSES PROCESSUAIS DO PRIMEIRO GRAU DE JURISDI\u00c7\u00c3O<\/del><\/h3>\n<p style=\"text-align: center;\"><del><strong>JUIZADOS DA INF\u00c2NCIA E JUVENTUDE <a href=\"https:\/\/sistemas.tjes.jus.br\/ediario\/images\/correg_1.pdf\">(CLIQUE AQUI)<\/a><\/strong><\/del><\/p>\n<p style=\"text-align: center;\"><del><strong>PROCEDIMENTOS ADMINISTRATIVOS <a href=\"https:\/\/sistemas.tjes.jus.br\/ediario\/images\/correg_2_copia.pdf\">(CLIQUE AQUI)<\/a><\/strong><\/del><\/p>\n<p style=\"text-align: center;\"><del><strong>PROCEDIMENTOS PR\u00c9-PROCESSUAIS DE RESOLU\u00c7\u00c3O DE CONSENSUAL DE CONFLITOS <a href=\"https:\/\/sistemas.tjes.jus.br\/ediario\/images\/correg_3.pdf\">(CLIQUE AQUI)<\/a><\/strong><\/del><\/p>\n<p style=\"text-align: center;\"><del><strong>PROCESSO CIVIL E DO TRABALHO <a href=\"https:\/\/sistemas.tjes.jus.br\/ediario\/images\/correg_4.pdf\">(CLIQUE AQUI)<\/a><\/strong><\/del><\/p>\n<p style=\"text-align: center;\"><del><strong>PROCESSO CRIMINAL <a href=\"https:\/\/sistemas.tjes.jus.br\/ediario\/images\/correg_5.pdf\">(CLIQUE AQUI)<\/a><\/strong><\/del><\/p>\n<p style=\"text-align: center;\"><del><strong>PROCESSO MILITAR <a href=\"https:\/\/sistemas.tjes.jus.br\/ediario\/images\/cooreg_6.pdf\">(CLIQUE AQUI)<\/a><\/strong><\/del><\/p>\n<h3 style=\"text-align: center;\"><del>TABELAS DE CLASSES PROCESSUAIS DO SEGUNDO GRAU DE JURISDI\u00c7\u00c3O<\/del><\/h3>\n<p style=\"text-align: center;\"><del><strong>JUIZADOS DA INF\u00c2NCIA E JUVENTUDE <a href=\"https:\/\/sistemas.tjes.jus.br\/ediario\/images\/correg_7.pdf\">(CLIQUE AQUI)<\/a><\/strong><\/del><\/p>\n<p style=\"text-align: center;\"><del><strong>PROCEDIMENTOS ADMINISTRATIVOS<a href=\"https:\/\/sistemas.tjes.jus.br\/ediario\/images\/correg_8.pdf\">(CLIQUE AQUI)<\/a><\/strong><\/del><\/p>\n<p style=\"text-align: center;\"><del><strong>PROCESSO CIVIL E DO TRABALHO <a href=\"https:\/\/sistemas.tjes.jus.br\/ediario\/images\/CORREG_9.pdf\">(CLIQUE AQUI)<\/a><\/strong><\/del><\/p>\n<p style=\"text-align: center;\"><del><strong>PROCESSO CRIMINAL <a href=\"https:\/\/sistemas.tjes.jus.br\/ediario\/images\/correg_10.pdf\">(CLIQUE AQUI)<\/a><\/strong><\/del><\/p>\n<p style=\"text-align: center;\"><del><strong>PROCESSO MILITAR <a href=\"https:\/\/sistemas.tjes.jus.br\/ediario\/images\/correg_11_copia.pdf\">(CLIQUE AQUI)<\/a><\/strong><\/del><\/p>\n<p style=\"text-align: center;\"><del><strong>TURMAS RECURSAIS DOS JUIZADOS ESPECIAIS <a href=\"https:\/\/sistemas.tjes.jus.br\/ediario\/images\/correg_12.pdf\">(CLIQUE AQUI)<\/a><\/strong><\/del><\/p>\n<p style=\"text-align: center;\"><del><strong>PROCEDIMENTOS PR\u00c9-PROCESSUAIS DE RESOLU\u00c7\u00c3O DE CONSENSUAL DE CONFLITOS <a href=\"https:\/\/sistemas.tjes.jus.br\/ediario\/images\/correg_3.pdf\">(CLIQUE AQUI)<\/a><\/strong><\/del><\/p>\n","protected":false},"excerpt":{"rendered":"<p>REPUBLICADO EM 18\/11\/2016 POR TER SIDO REDIGIDO COM INCORRE\u00c7\u00c3O (CLIQUE AQUI) CORREGEDORIA GERAL DA JUSTI\u00c7A PODER JUDICI\u00c1RIO ESTADO DO ESP\u00cdRITO SANTO ATO N\u00ba 33\/2016 O Desembargador RONALDO GON\u00c7ALVES DE SOUSA, Corregedor-Geral da Justi\u00e7a, no uso de suas atribui\u00e7\u00f5es e, CONSIDERANDO a edi\u00e7\u00e3o da Lei Estadual n\u00ba 9.974\/2013, datada de 09 de janeiro de 2013, publicada [&hellip;]<\/p>\n","protected":false},"author":3,"featured_media":0,"comment_status":"open","ping_status":"open","sticky":false,"template":"","format":"standard","meta":{"footnotes":""},"categories":[18,14],"tags":[],"_links":{"self":[{"href":"https:\/\/www.tjes.jus.br\/corregedoria\/wp-json\/wp\/v2\/posts\/20979"}],"collection":[{"href":"https:\/\/www.tjes.jus.br\/corregedoria\/wp-json\/wp\/v2\/posts"}],"about":[{"href":"https:\/\/www.tjes.jus.br\/corregedoria\/wp-json\/wp\/v2\/types\/post"}],"author":[{"embeddable":true,"href":"https:\/\/www.tjes.jus.br\/corregedoria\/wp-json\/wp\/v2\/users\/3"}],"replies":[{"embeddable":true,"href":"https:\/\/www.tjes.jus.br\/corregedoria\/wp-json\/wp\/v2\/comments?post=20979"}],"version-history":[{"count":1,"href":"https:\/\/www.tjes.jus.br\/corregedoria\/wp-json\/wp\/v2\/posts\/20979\/revisions"}],"predecessor-version":[{"id":20980,"href":"https:\/\/www.tjes.jus.br\/corregedoria\/wp-json\/wp\/v2\/posts\/20979\/revisions\/20980"}],"wp:attachment":[{"href":"https:\/\/www.tjes.jus.br\/corregedoria\/wp-json\/wp\/v2\/media?parent=20979"}],"wp:term":[{"taxonomy":"category","embeddable":true,"href":"https:\/\/www.tjes.jus.br\/corregedoria\/wp-json\/wp\/v2\/categories?post=20979"},{"taxonomy":"post_tag","embeddable":true,"href":"https:\/\/www.tjes.jus.br\/corregedoria\/wp-json\/wp\/v2\/tags?post=20979"}],"curies":[{"name":"wp","href":"https:\/\/api.w.org\/{rel}","templated":true}]}}