{"id":21012,"date":"2017-11-14T18:15:49","date_gmt":"2017-11-14T20:15:49","guid":{"rendered":"https:\/\/www.tjes.jus.br\/corregedoria\/?p=21012"},"modified":"2017-11-14T18:15:49","modified_gmt":"2017-11-14T20:15:49","slug":"oficio-circular-no-1842013-publ-30072013","status":"publish","type":"post","link":"https:\/\/www.tjes.jus.br\/corregedoria\/2017\/11\/14\/oficio-circular-no-1842013-publ-30072013\/","title":{"rendered":"OF\u00cdCIO-CIRCULAR N\u00ba 184\/2013 &#8211; PUBL. 30\/07\/2013"},"content":{"rendered":"<p style=\"text-align: center;\"><strong>ESTADO DO ESP\u00cdRITO SANTO<\/strong><\/p>\n<p style=\"text-align: center;\"><strong>PODER JUDICI\u00c1RIO<\/strong><\/p>\n<p style=\"text-align: center;\"><strong>CORREGEDORIA GERAL DA JUSTI\u00c7A<\/strong><\/p>\n<p style=\"text-align: center;\"><strong>OF\u00cdCIO-CIRCULAR N\u00ba. 184\/2013<\/strong><\/p>\n<p style=\"text-align: justify;\">(Favor mencionar essa refer\u00eancia)<\/p>\n<p style=\"text-align: justify;\">Protocolo CGJ\/ES 2013.00.875.924\/2013.00.937.596<\/p>\n<p style=\"text-align: justify;\">O Exmo. Sr. Desembargador Corregedor-Geral da Justi\u00e7a do Estado do Esp\u00edrito Santo, no uso de suas atribui\u00e7\u00f5es legais:<\/p>\n<p style=\"text-align: justify;\"><strong>CONSIDERANDO<\/strong> o recebimento do Of\u00edcio Circular n\u00ba 125\/2013 &#8211; DECOR\/CG da lavra do Excelent\u00edssimo Desembargador Corregedor- Geral da Justi\u00e7a do Estado de Rond\u00f4nia;<\/p>\n<p style=\"text-align: justify;\"><strong>CONSIDERANDO<\/strong> que referido Of\u00edcio Circular informa sobre a INUTILIZA\u00c7\u00c3O dos selos, em raz\u00e3o de substitui\u00e7\u00e3o por Selos Digitais de Fiscaliza\u00e7\u00e3o, da Serventia do Of\u00edcio de Tabelionato de Protesto de T\u00edtulos do munic\u00edpio e Comarca de Cacoal\/RO, conforme tabela abaixo:<\/p>\n<table style=\"border-color: #000000;\" border=\"1\">\n<tbody>\n<tr>\n<th style=\"border-color: #000000; text-align: center;\" scope=\"row\" width=\"236\">Tipo<\/th>\n<th style=\"border-color: #000000; text-align: center;\" scope=\"row\" width=\"236\">Sequ\u00eancia Inicial<\/th>\n<th style=\"border-color: #000000; text-align: center;\" scope=\"row\" width=\"236\">Final<\/th>\n<th style=\"border-color: #000000; text-align: center;\" scope=\"row\" width=\"236\">Quantidade<\/th>\n<\/tr>\n<tr>\n<td style=\"border-color: #000000; text-align: center;\" scope=\"row\" width=\"236\"><strong>Certid\u00e3o<\/strong><\/td>\n<td style=\"border-color: #000000; text-align: center;\" scope=\"row\" width=\"236\">C6AA5562<\/td>\n<td style=\"border-color: #000000; text-align: center;\" scope=\"row\" width=\"236\">C6AA6240<\/td>\n<td style=\"border-color: #000000; text-align: center;\" scope=\"row\" width=\"236\">679<\/td>\n<\/tr>\n<tr>\n<td style=\"border-color: #000000; text-align: center;\" scope=\"row\" width=\"236\"><strong>Ato Notarial e Registral<\/strong><\/td>\n<td style=\"border-color: #000000; text-align: center;\" scope=\"row\" width=\"236\">C6AD5662<\/td>\n<td style=\"border-color: #000000; text-align: center;\" scope=\"row\" width=\"236\">C6AD5664<\/td>\n<td style=\"border-color: #000000; text-align: center;\" scope=\"row\" width=\"236\">3<\/td>\n<\/tr>\n<tr>\n<td style=\"border-color: #000000; text-align: center;\" scope=\"row\" width=\"236\"><strong>Isento<\/strong><\/td>\n<td style=\"border-color: #000000; text-align: center;\" scope=\"row\" width=\"236\">C6AA0375<\/td>\n<td style=\"border-color: #000000; text-align: center;\" scope=\"row\" width=\"236\">C6AA0528<\/td>\n<td style=\"border-color: #000000; text-align: center;\" scope=\"row\" width=\"236\">154<\/td>\n<\/tr>\n<tr>\n<td style=\"border-color: #000000; text-align: center;\" scope=\"row\" width=\"236\"><strong>Total<\/strong><\/td>\n<td style=\"border-color: #000000; text-align: center;\" scope=\"row\" width=\"236\"><\/td>\n<td style=\"border-color: #000000; text-align: center;\" scope=\"row\" width=\"236\"><\/td>\n<td style=\"border-color: #000000; text-align: center;\" scope=\"row\" width=\"236\"><strong>836<\/strong><\/td>\n<\/tr>\n<\/tbody>\n<\/table>\n<p style=\"text-align: justify;\"><strong>RECOMENDO<\/strong> aos Ju\u00edzes de Direito Diretores dos F\u00f3runs, Membros do Minist\u00e9rio P\u00fablico, Advogados, Not\u00e1rios e Registradores, Serventu\u00e1rios e a quem mais possa interessar, que observem o Comunicado supra citado, e adotem as provid\u00eancias que entenderem pertinentes.<\/p>\n<p style=\"text-align: justify;\"><strong>Publique-se<\/strong>.<\/p>\n<p style=\"text-align: justify;\"><strong>Cumpra-se.<\/strong><\/p>\n<p style=\"text-align: justify;\">Vit\u00f3ria\/ES, 26 de Julho de 2013.<\/p>\n<p style=\"text-align: center;\"><strong>DES. CARLOS HENRIQUE RIOS DO AMARAL<br \/>\nCorregedor-Geral da Justi\u00e7a<\/strong><\/p>\n","protected":false},"excerpt":{"rendered":"<p>ESTADO DO ESP\u00cdRITO SANTO PODER JUDICI\u00c1RIO CORREGEDORIA GERAL DA JUSTI\u00c7A OF\u00cdCIO-CIRCULAR N\u00ba. 184\/2013 (Favor mencionar essa refer\u00eancia) Protocolo CGJ\/ES 2013.00.875.924\/2013.00.937.596 O Exmo. Sr. Desembargador Corregedor-Geral da Justi\u00e7a do Estado do Esp\u00edrito Santo, no uso de suas atribui\u00e7\u00f5es legais: CONSIDERANDO o recebimento do Of\u00edcio Circular n\u00ba 125\/2013 &#8211; DECOR\/CG da lavra do Excelent\u00edssimo Desembargador Corregedor- Geral [&hellip;]<\/p>\n","protected":false},"author":3,"featured_media":0,"comment_status":"open","ping_status":"open","sticky":false,"template":"","format":"standard","meta":{"footnotes":""},"categories":[5],"tags":[],"_links":{"self":[{"href":"https:\/\/www.tjes.jus.br\/corregedoria\/wp-json\/wp\/v2\/posts\/21012"}],"collection":[{"href":"https:\/\/www.tjes.jus.br\/corregedoria\/wp-json\/wp\/v2\/posts"}],"about":[{"href":"https:\/\/www.tjes.jus.br\/corregedoria\/wp-json\/wp\/v2\/types\/post"}],"author":[{"embeddable":true,"href":"https:\/\/www.tjes.jus.br\/corregedoria\/wp-json\/wp\/v2\/users\/3"}],"replies":[{"embeddable":true,"href":"https:\/\/www.tjes.jus.br\/corregedoria\/wp-json\/wp\/v2\/comments?post=21012"}],"version-history":[{"count":1,"href":"https:\/\/www.tjes.jus.br\/corregedoria\/wp-json\/wp\/v2\/posts\/21012\/revisions"}],"predecessor-version":[{"id":21013,"href":"https:\/\/www.tjes.jus.br\/corregedoria\/wp-json\/wp\/v2\/posts\/21012\/revisions\/21013"}],"wp:attachment":[{"href":"https:\/\/www.tjes.jus.br\/corregedoria\/wp-json\/wp\/v2\/media?parent=21012"}],"wp:term":[{"taxonomy":"category","embeddable":true,"href":"https:\/\/www.tjes.jus.br\/corregedoria\/wp-json\/wp\/v2\/categories?post=21012"},{"taxonomy":"post_tag","embeddable":true,"href":"https:\/\/www.tjes.jus.br\/corregedoria\/wp-json\/wp\/v2\/tags?post=21012"}],"curies":[{"name":"wp","href":"https:\/\/api.w.org\/{rel}","templated":true}]}}