{"id":21037,"date":"2017-11-16T13:10:39","date_gmt":"2017-11-16T15:10:39","guid":{"rendered":"https:\/\/www.tjes.jus.br\/corregedoria\/?p=21037"},"modified":"2017-11-16T13:10:39","modified_gmt":"2017-11-16T15:10:39","slug":"oficio-circular-no-1902013-disp-06082013","status":"publish","type":"post","link":"https:\/\/www.tjes.jus.br\/corregedoria\/2017\/11\/16\/oficio-circular-no-1902013-disp-06082013\/","title":{"rendered":"OF\u00cdCIO-CIRCULAR N\u00ba 190\/2013 &#8211; DISP. 06\/08\/2013"},"content":{"rendered":"<p style=\"text-align: center;\"><strong>ESTADO DO ESP\u00cdRITO SANTO<\/strong><\/p>\n<p style=\"text-align: center;\"><strong>PODER JUDICI\u00c1RIO<\/strong><\/p>\n<p style=\"text-align: center;\"><strong>CORREGEDORIA GERAL DA JUSTI\u00c7A<\/strong><\/p>\n<p style=\"text-align: center;\"><strong>OF\u00cdCIO-CIRCULAR N\u00ba. 190\/2013<\/strong><\/p>\n<p style=\"text-align: justify;\">(Favor mencionar essa refer\u00eancia)<\/p>\n<p style=\"text-align: justify;\">Protocolo CGJ\/ES 2013.00.969.750<\/p>\n<p style=\"text-align: justify;\">O Exmo. Sr. Desembargador Corregedor-Geral da Justi\u00e7a do Estado do Esp\u00edrito Santo, no uso de suas atribui\u00e7\u00f5es legais:<\/p>\n<p style=\"text-align: justify;\"><strong>CONSIDERANDO<\/strong> o recebimento do Of\u00edcio Circular n\u00ba 147\/2013 &#8211; DECOR\/CG da lavra do Excelent\u00edssimo Desembargador Corregedor-Geral da Justi\u00e7a do Estado de Rond\u00f4nia;<\/p>\n<p style=\"text-align: justify;\"><strong>CONSIDERANDO<\/strong> que referido Of\u00edcio Circular informa sobre a INUTILIZA\u00c7\u00c3O dos selos, em raz\u00e3o de substitui\u00e7\u00e3o por Selos Digitais de Fiscaliza\u00e7\u00e3o, da Serventia do Of\u00edcio de Registros Civis das Pessoas Naturais e Tabelionato de Notas do munic\u00edpio e Comarca de Alvorada do Oeste\/RO, conforme tabela abaixo:<\/p>\n<table>\n<tbody>\n<tr>\n<td style=\"text-align: center;\" width=\"144\">Tipo<\/td>\n<td style=\"text-align: center;\" width=\"144\">Sequ\u00eancia Inicial<\/td>\n<td style=\"text-align: center;\" width=\"144\">Final<\/td>\n<td style=\"text-align: center;\" width=\"144\">Quantidade<\/td>\n<\/tr>\n<tr>\n<td style=\"text-align: center;\" width=\"144\">Certid\u00e3o<\/td>\n<td style=\"text-align: center;\" width=\"144\">I9AA2898<\/td>\n<td style=\"text-align: center;\" width=\"144\">I9AA3360<\/td>\n<td style=\"text-align: center;\" width=\"144\">463<\/td>\n<\/tr>\n<tr>\n<td style=\"text-align: center;\" width=\"144\">Ato Notarial<\/td>\n<td style=\"text-align: center;\" width=\"144\">I9AA7416<\/td>\n<td style=\"text-align: center;\" width=\"144\">I9AA8400<\/td>\n<td style=\"text-align: center;\" width=\"144\">985<\/td>\n<\/tr>\n<tr>\n<td style=\"text-align: center;\" width=\"144\">Autentica\u00e7\u00e3o<\/td>\n<td style=\"text-align: center;\" width=\"144\">I9AE6143<\/td>\n<td style=\"text-align: center;\" width=\"144\">I9AE6624<\/td>\n<td style=\"text-align: center;\" width=\"144\">482<\/td>\n<\/tr>\n<tr>\n<td style=\"text-align: center;\" width=\"144\">Reconhecimento de Firma<\/td>\n<td style=\"text-align: center;\" width=\"144\">I9AF0756<\/td>\n<td style=\"text-align: center;\" width=\"144\">I9AF1200<\/td>\n<td style=\"text-align: center;\" width=\"144\">445<\/td>\n<\/tr>\n<tr>\n<td style=\"text-align: center;\" width=\"144\">Isento<\/td>\n<td style=\"text-align: center;\" width=\"144\">I9AA1730<\/td>\n<td style=\"text-align: center;\" width=\"144\">I9AA2880<\/td>\n<td style=\"text-align: center;\" width=\"144\">1.151<\/td>\n<\/tr>\n<tr>\n<td style=\"text-align: center;\" width=\"144\">Total<\/td>\n<td style=\"text-align: center;\" width=\"144\"><\/td>\n<td style=\"text-align: center;\" width=\"144\"><\/td>\n<td style=\"text-align: center;\" width=\"144\">3.526<\/td>\n<\/tr>\n<\/tbody>\n<\/table>\n<p style=\"text-align: justify;\"><strong>RECOMENDO<\/strong> aos Ju\u00edzes de Direito Diretores dos F\u00f3runs, Membros do Minist\u00e9rio P\u00fablico, Advogados, Not\u00e1rios e Registradores, Serventu\u00e1rios e a quem mais possa interessar, que observem o Comunicado supra citado, e adotem as provid\u00eancias que entenderem pertinentes.<\/p>\n<p style=\"text-align: justify;\"><strong>Publique-se. Cumpra-se.<\/strong><\/p>\n<p style=\"text-align: justify;\">Vit\u00f3ria\/ES, 02 de agosto de 2013.<\/p>\n<p style=\"text-align: center;\"><strong>DES. CARLOS HENRIQUE RIOS DO AMARAL<br \/>\nCorregedor-Geral da Justi\u00e7a<\/strong><\/p>\n","protected":false},"excerpt":{"rendered":"<p>ESTADO DO ESP\u00cdRITO SANTO PODER JUDICI\u00c1RIO CORREGEDORIA GERAL DA JUSTI\u00c7A OF\u00cdCIO-CIRCULAR N\u00ba. 190\/2013 (Favor mencionar essa refer\u00eancia) Protocolo CGJ\/ES 2013.00.969.750 O Exmo. Sr. Desembargador Corregedor-Geral da Justi\u00e7a do Estado do Esp\u00edrito Santo, no uso de suas atribui\u00e7\u00f5es legais: CONSIDERANDO o recebimento do Of\u00edcio Circular n\u00ba 147\/2013 &#8211; DECOR\/CG da lavra do Excelent\u00edssimo Desembargador Corregedor-Geral da [&hellip;]<\/p>\n","protected":false},"author":3,"featured_media":0,"comment_status":"open","ping_status":"open","sticky":false,"template":"","format":"standard","meta":{"footnotes":""},"categories":[5],"tags":[],"_links":{"self":[{"href":"https:\/\/www.tjes.jus.br\/corregedoria\/wp-json\/wp\/v2\/posts\/21037"}],"collection":[{"href":"https:\/\/www.tjes.jus.br\/corregedoria\/wp-json\/wp\/v2\/posts"}],"about":[{"href":"https:\/\/www.tjes.jus.br\/corregedoria\/wp-json\/wp\/v2\/types\/post"}],"author":[{"embeddable":true,"href":"https:\/\/www.tjes.jus.br\/corregedoria\/wp-json\/wp\/v2\/users\/3"}],"replies":[{"embeddable":true,"href":"https:\/\/www.tjes.jus.br\/corregedoria\/wp-json\/wp\/v2\/comments?post=21037"}],"version-history":[{"count":1,"href":"https:\/\/www.tjes.jus.br\/corregedoria\/wp-json\/wp\/v2\/posts\/21037\/revisions"}],"predecessor-version":[{"id":21038,"href":"https:\/\/www.tjes.jus.br\/corregedoria\/wp-json\/wp\/v2\/posts\/21037\/revisions\/21038"}],"wp:attachment":[{"href":"https:\/\/www.tjes.jus.br\/corregedoria\/wp-json\/wp\/v2\/media?parent=21037"}],"wp:term":[{"taxonomy":"category","embeddable":true,"href":"https:\/\/www.tjes.jus.br\/corregedoria\/wp-json\/wp\/v2\/categories?post=21037"},{"taxonomy":"post_tag","embeddable":true,"href":"https:\/\/www.tjes.jus.br\/corregedoria\/wp-json\/wp\/v2\/tags?post=21037"}],"curies":[{"name":"wp","href":"https:\/\/api.w.org\/{rel}","templated":true}]}}