{"id":21040,"date":"2017-11-16T13:14:11","date_gmt":"2017-11-16T15:14:11","guid":{"rendered":"https:\/\/www.tjes.jus.br\/corregedoria\/?p=21040"},"modified":"2017-11-16T13:14:11","modified_gmt":"2017-11-16T15:14:11","slug":"ato-no-972013-publ-07082013","status":"publish","type":"post","link":"https:\/\/www.tjes.jus.br\/corregedoria\/2017\/11\/16\/ato-no-972013-publ-07082013\/","title":{"rendered":"ATO N\u00ba 97\/2013 &#8211; PUBL. 07\/08\/2013"},"content":{"rendered":"<p style=\"text-align: center;\"><strong>CORREGEDORIA GERAL DA JUSTI\u00c7A<\/strong><\/p>\n<p style=\"text-align: center;\"><strong>PODER JUDICI\u00c1RIO<\/strong><\/p>\n<p style=\"text-align: center;\"><strong>ESTADO DO ESP\u00cdRITO SANTO<\/strong><\/p>\n<p style=\"text-align: center;\"><strong>Coordenadoria de Monitoramento do Foro Judicial e Extrajudicial<\/strong><\/p>\n<p style=\"text-align: center;\"><strong>ATO N\u00ba 97\/2013<\/strong><\/p>\n<p style=\"text-align: justify;\">O Desembargador CARLOS HENRIQUE RIOS DO AMARAL, Corregedor Geral da Justi\u00e7a do Estado do Esp\u00edrito Santo, no uso de suas atribui\u00e7\u00f5es legais e, em atendimento ao disposto no art. 60, inciso XI do Regimento Interno do TJES (Resolu\u00e7\u00e3o N\u00ba 15\/95), <strong>resolve<\/strong>:<\/p>\n<p style=\"text-align: justify;\"><strong>DECLARAR VAGO<\/strong> o Cart\u00f3rio do Registro Civil e Tabelionato (S\u00e3o Geraldo) &#8211; Comarca de Manten\u00f3polis\/ES, tendo em vista, a ren\u00fancia da Sr\u00aa. CLEUSA TEODORO DE OLIVEIRA FERNANDES com data <strong>retroativa de 20\/06\/2013<\/strong>.<\/p>\n<p style=\"text-align: justify;\">Outrossim, <strong>cessar os efeitos<\/strong> do ato n\u00ba 923\/96 publicado no di\u00e1rio da justi\u00e7a, datado do dia 26\/06\/1996, conforme R. decis\u00e3o nos autos do processo n\u00ba 2013.00.772.316 desta Corregedoria Geral da justi\u00e7a.<\/p>\n<p style=\"text-align: center;\"><strong>Desembargador CARLOS HENRIQUE RIOS DO AMARAL<br \/>\nCorregedor Geral da Justi\u00e7a<\/strong><\/p>\n","protected":false},"excerpt":{"rendered":"<p>CORREGEDORIA GERAL DA JUSTI\u00c7A PODER JUDICI\u00c1RIO ESTADO DO ESP\u00cdRITO SANTO Coordenadoria de Monitoramento do Foro Judicial e Extrajudicial ATO N\u00ba 97\/2013 O Desembargador CARLOS HENRIQUE RIOS DO AMARAL, Corregedor Geral da Justi\u00e7a do Estado do Esp\u00edrito Santo, no uso de suas atribui\u00e7\u00f5es legais e, em atendimento ao disposto no art. 60, inciso XI do Regimento [&hellip;]<\/p>\n","protected":false},"author":3,"featured_media":0,"comment_status":"open","ping_status":"open","sticky":false,"template":"","format":"standard","meta":{"footnotes":""},"categories":[18],"tags":[],"_links":{"self":[{"href":"https:\/\/www.tjes.jus.br\/corregedoria\/wp-json\/wp\/v2\/posts\/21040"}],"collection":[{"href":"https:\/\/www.tjes.jus.br\/corregedoria\/wp-json\/wp\/v2\/posts"}],"about":[{"href":"https:\/\/www.tjes.jus.br\/corregedoria\/wp-json\/wp\/v2\/types\/post"}],"author":[{"embeddable":true,"href":"https:\/\/www.tjes.jus.br\/corregedoria\/wp-json\/wp\/v2\/users\/3"}],"replies":[{"embeddable":true,"href":"https:\/\/www.tjes.jus.br\/corregedoria\/wp-json\/wp\/v2\/comments?post=21040"}],"version-history":[{"count":1,"href":"https:\/\/www.tjes.jus.br\/corregedoria\/wp-json\/wp\/v2\/posts\/21040\/revisions"}],"predecessor-version":[{"id":21041,"href":"https:\/\/www.tjes.jus.br\/corregedoria\/wp-json\/wp\/v2\/posts\/21040\/revisions\/21041"}],"wp:attachment":[{"href":"https:\/\/www.tjes.jus.br\/corregedoria\/wp-json\/wp\/v2\/media?parent=21040"}],"wp:term":[{"taxonomy":"category","embeddable":true,"href":"https:\/\/www.tjes.jus.br\/corregedoria\/wp-json\/wp\/v2\/categories?post=21040"},{"taxonomy":"post_tag","embeddable":true,"href":"https:\/\/www.tjes.jus.br\/corregedoria\/wp-json\/wp\/v2\/tags?post=21040"}],"curies":[{"name":"wp","href":"https:\/\/api.w.org\/{rel}","templated":true}]}}