{"id":21042,"date":"2017-11-16T13:15:52","date_gmt":"2017-11-16T15:15:52","guid":{"rendered":"https:\/\/www.tjes.jus.br\/corregedoria\/?p=21042"},"modified":"2018-03-26T17:43:21","modified_gmt":"2018-03-26T20:43:21","slug":"ato-no-982013-publ-07082013","status":"publish","type":"post","link":"https:\/\/www.tjes.jus.br\/corregedoria\/2017\/11\/16\/ato-no-982013-publ-07082013\/","title":{"rendered":"ATO N\u00ba 98\/2013 &#8211; PUBL. 07\/08\/2013 &#8211; EFEITOS CESSADOS"},"content":{"rendered":"<p style=\"text-align: center;\"><del><strong>CORREGEDORIA GERAL DA JUSTI\u00c7A<\/strong><\/del><\/p>\n<p style=\"text-align: center;\"><del><strong>PODER JUDICI\u00c1RIO<\/strong><\/del><\/p>\n<p style=\"text-align: center;\"><del><strong>ESTADO DO ESP\u00cdRITO SANTO<\/strong><\/del><\/p>\n<p style=\"text-align: center;\"><del><strong>Coordenadoria de Monitoramento do Foro Judicial e Extrajudicial<\/strong><\/del><\/p>\n<p style=\"text-align: center;\"><del><strong>ATO N\u00ba 98\/2013<\/strong><\/del><\/p>\n<p style=\"text-align: justify;\"><del>O Desembargador CARLOS HENRIQUE RIOS DO AMARAL, Corregedor Geral da Justi\u00e7a do Estado do Esp\u00edrito Santo, no uso de suas atribui\u00e7\u00f5es legais e, em atendimento ao disposto no art. 60, inciso XI do Regimento Interno do TJES (Resolu\u00e7\u00e3o N\u00ba 15\/95), <strong>resolve<\/strong>:<\/del><\/p>\n<p style=\"text-align: justify;\"><del><strong>DESIGNAR<\/strong>, a Sr\u00aa. Luciana de Morais Pereira, para exercer em car\u00e1ter prec\u00e1rio e interinamente pelo servi\u00e7o, at\u00e9 ulterior provimento nos moldes constitucionais (CRFB\/1998, art. 236, \u00a7 3\u00ba), pela fun\u00e7\u00e3o de Tabeli\u00e3 e Oficiala do Cart\u00f3rio do Registro Civil e Tabelionato Distrito de S\u00e3o Geraldo &#8211; Comarca de Manten\u00f3polis\/ES, em data retroativa de 20\/06\/2013, tendo em vista R. decis\u00e3o nos autos do processo n\u00ba 2013.00.772.316 desta Corregedoria Geral da justi\u00e7a.<\/del><\/p>\n<p style=\"text-align: center;\"><del><strong>Desembargador CARLOS HENRIQUE RIOS DO AMARAL<br \/>\nCorregedor Geral da Justi\u00e7a<\/strong><\/del><\/p>\n<h2 style=\"text-align: center;\"><span style=\"color: #ff0000;\">EFEITOS CESSADOS PELO\u00a0<a href=\"https:\/\/www.tjes.jus.br\/corregedoria\/2016\/09\/19\/ato-no-0042016-disp-16022016\/\" target=\"_blank\" rel=\"noopener\">ATO N\u00ba 004\/2016<\/a> &#8211; DISP. 16\/02\/2016<\/span><\/h2>\n","protected":false},"excerpt":{"rendered":"<p>CORREGEDORIA GERAL DA JUSTI\u00c7A PODER JUDICI\u00c1RIO ESTADO DO ESP\u00cdRITO SANTO Coordenadoria de Monitoramento do Foro Judicial e Extrajudicial ATO N\u00ba 98\/2013 O Desembargador CARLOS HENRIQUE RIOS DO AMARAL, Corregedor Geral da Justi\u00e7a do Estado do Esp\u00edrito Santo, no uso de suas atribui\u00e7\u00f5es legais e, em atendimento ao disposto no art. 60, inciso XI do Regimento [&hellip;]<\/p>\n","protected":false},"author":3,"featured_media":0,"comment_status":"open","ping_status":"open","sticky":false,"template":"","format":"standard","meta":{"footnotes":""},"categories":[18],"tags":[],"_links":{"self":[{"href":"https:\/\/www.tjes.jus.br\/corregedoria\/wp-json\/wp\/v2\/posts\/21042"}],"collection":[{"href":"https:\/\/www.tjes.jus.br\/corregedoria\/wp-json\/wp\/v2\/posts"}],"about":[{"href":"https:\/\/www.tjes.jus.br\/corregedoria\/wp-json\/wp\/v2\/types\/post"}],"author":[{"embeddable":true,"href":"https:\/\/www.tjes.jus.br\/corregedoria\/wp-json\/wp\/v2\/users\/3"}],"replies":[{"embeddable":true,"href":"https:\/\/www.tjes.jus.br\/corregedoria\/wp-json\/wp\/v2\/comments?post=21042"}],"version-history":[{"count":2,"href":"https:\/\/www.tjes.jus.br\/corregedoria\/wp-json\/wp\/v2\/posts\/21042\/revisions"}],"predecessor-version":[{"id":23687,"href":"https:\/\/www.tjes.jus.br\/corregedoria\/wp-json\/wp\/v2\/posts\/21042\/revisions\/23687"}],"wp:attachment":[{"href":"https:\/\/www.tjes.jus.br\/corregedoria\/wp-json\/wp\/v2\/media?parent=21042"}],"wp:term":[{"taxonomy":"category","embeddable":true,"href":"https:\/\/www.tjes.jus.br\/corregedoria\/wp-json\/wp\/v2\/categories?post=21042"},{"taxonomy":"post_tag","embeddable":true,"href":"https:\/\/www.tjes.jus.br\/corregedoria\/wp-json\/wp\/v2\/tags?post=21042"}],"curies":[{"name":"wp","href":"https:\/\/api.w.org\/{rel}","templated":true}]}}