{"id":21047,"date":"2017-11-16T13:28:27","date_gmt":"2017-11-16T15:28:27","guid":{"rendered":"https:\/\/www.tjes.jus.br\/corregedoria\/?p=21047"},"modified":"2017-11-16T13:28:27","modified_gmt":"2017-11-16T15:28:27","slug":"oficio-circular-no-1932013-publ-13082013","status":"publish","type":"post","link":"https:\/\/www.tjes.jus.br\/corregedoria\/2017\/11\/16\/oficio-circular-no-1932013-publ-13082013\/","title":{"rendered":"OF\u00cdCIO-CIRCULAR N\u00ba 193\/2013 &#8211; PUBL. 13\/08\/2013"},"content":{"rendered":"<p style=\"text-align: center;\"><strong>ESTADO DO ESP\u00cdRITO SANTO<\/strong><\/p>\n<p style=\"text-align: center;\"><strong>PODER JUDICI\u00c1RIO<\/strong><\/p>\n<p style=\"text-align: center;\"><strong>CORREGEDORIA GERAL DA JUSTI\u00c7A<\/strong><\/p>\n<p style=\"text-align: center;\"><strong>OF\u00cdCIO-CIRCULAR N\u00ba . 193\/2013<\/strong><\/p>\n<p style=\"text-align: justify;\">(FAVOR MENCIONAR ESSA REFER\u00caNCIA)<\/p>\n<p style=\"text-align: justify;\">PROTOCOLO CGJ\/ES 2013.00.994.379<\/p>\n<p style=\"text-align: justify;\">O EXMO. SR. DESEMBARGADOR CORREGEDORGERAL DA JUSTI\u00c7A DO ESTADO DO ESP\u00cdRITO SANTO, NO USO DE SUAS ATRIBUI\u00c7\u00d5ES LEGAIS:<\/p>\n<p style=\"text-align: justify;\"><strong>CONSIDERANDO<\/strong> O RECEBIMENTO DO OF\u00cdCIO CIRCULAR N\u00ba 184\/2013 &#8211; SEC DA LAVRA DA EXCELENT\u00cdSSIMA DESEMBARGADORA CORREGEDORA- GERAL DA JUSTI\u00c7A DO ESTADO DE GOI\u00c1S;<\/p>\n<p style=\"text-align: justify;\"><strong>CONSIDERANDO<\/strong> QUE REFERIDO OF\u00cdCIO CIRCULAR INFORMA SOBRE A INUTILIZA\u00c7\u00c3O DOS SELOS DO CART\u00d3RIO DE REGISTRO CIVIL DE PESSOAS NATURAIS E DE INTERDI\u00c7\u00d5ES E TUTELAS DO DISTRITO JUDICI\u00c1RIO DE ROSAL\u00c2NDIA, DA COMARCA DE S\u00c3O LU\u00cdS DE MONTES BELOS\/GO, CONFORME SEGUE ABAIXO:<\/p>\n<p style=\"text-align: justify;\">SELOS DO TIPO \u201cAUTENTICA\u00c7\u00c3O\u201d &#8211; 0758B024915 A 0758B028000<\/p>\n<p style=\"text-align: justify;\">SELOS DO TIPO \u201cCERTID\u00c3O\/TRASLADO\u201d &#8211; 0758B001840 A 0758B003000<\/p>\n<p style=\"text-align: justify;\">SELOS DO TIPO \u201cISENTO\u201d &#8211; 0758B000489 A 0758B001000<\/p>\n<p style=\"text-align: justify;\">SELOS DO TIPO \u201cPADR\u00c3O\u201d &#8211; 0758B001890 A 0758B003000<\/p>\n<p style=\"text-align: justify;\">SELOS DO TIPO \u201cRECONHECIMENTO DE FIRMA\u201d &#8211; 0758B034045 A 0758B035500<\/p>\n<p style=\"text-align: justify;\"><strong>RECOMENDO<\/strong> AOS JU\u00cdZES DE DIREITO DIRETORES DOS F\u00d3RUNS, MEMBROS DO MINIST\u00c9RIO P\u00daBLICO, ADVOGADOS, NOT\u00c1RIOS E REGISTRADORES, SERVENTU\u00c1RIOS E A QUEM MAIS POSSA INTERESSAR, QUE OBSERVEM O COMUNICADO SUPRA CITADO, E ADOTEM AS PROVID\u00caNCIAS QUE ENTENDEREM PERTINENTES.<\/p>\n<p style=\"text-align: justify;\"><strong>PUBLIQUE-SE<\/strong>.<\/p>\n<p style=\"text-align: justify;\"><strong>CUMPRA-SE<\/strong>.<\/p>\n<p style=\"text-align: justify;\">VIT\u00d3RIA\/ES, 09 DE AGOSTO DE 2013.<\/p>\n<p style=\"text-align: center;\"><strong>DES. CARLOS HENRIQUE RIOS DO AMARAL<br \/>\nCORREGEDOR-GERAL DA JUSTI\u00c7A<\/strong><\/p>\n","protected":false},"excerpt":{"rendered":"<p>ESTADO DO ESP\u00cdRITO SANTO PODER JUDICI\u00c1RIO CORREGEDORIA GERAL DA JUSTI\u00c7A OF\u00cdCIO-CIRCULAR N\u00ba . 193\/2013 (FAVOR MENCIONAR ESSA REFER\u00caNCIA) PROTOCOLO CGJ\/ES 2013.00.994.379 O EXMO. SR. DESEMBARGADOR CORREGEDORGERAL DA JUSTI\u00c7A DO ESTADO DO ESP\u00cdRITO SANTO, NO USO DE SUAS ATRIBUI\u00c7\u00d5ES LEGAIS: CONSIDERANDO O RECEBIMENTO DO OF\u00cdCIO CIRCULAR N\u00ba 184\/2013 &#8211; SEC DA LAVRA DA EXCELENT\u00cdSSIMA DESEMBARGADORA CORREGEDORA- [&hellip;]<\/p>\n","protected":false},"author":3,"featured_media":0,"comment_status":"open","ping_status":"open","sticky":false,"template":"","format":"standard","meta":{"footnotes":""},"categories":[5],"tags":[],"_links":{"self":[{"href":"https:\/\/www.tjes.jus.br\/corregedoria\/wp-json\/wp\/v2\/posts\/21047"}],"collection":[{"href":"https:\/\/www.tjes.jus.br\/corregedoria\/wp-json\/wp\/v2\/posts"}],"about":[{"href":"https:\/\/www.tjes.jus.br\/corregedoria\/wp-json\/wp\/v2\/types\/post"}],"author":[{"embeddable":true,"href":"https:\/\/www.tjes.jus.br\/corregedoria\/wp-json\/wp\/v2\/users\/3"}],"replies":[{"embeddable":true,"href":"https:\/\/www.tjes.jus.br\/corregedoria\/wp-json\/wp\/v2\/comments?post=21047"}],"version-history":[{"count":1,"href":"https:\/\/www.tjes.jus.br\/corregedoria\/wp-json\/wp\/v2\/posts\/21047\/revisions"}],"predecessor-version":[{"id":21048,"href":"https:\/\/www.tjes.jus.br\/corregedoria\/wp-json\/wp\/v2\/posts\/21047\/revisions\/21048"}],"wp:attachment":[{"href":"https:\/\/www.tjes.jus.br\/corregedoria\/wp-json\/wp\/v2\/media?parent=21047"}],"wp:term":[{"taxonomy":"category","embeddable":true,"href":"https:\/\/www.tjes.jus.br\/corregedoria\/wp-json\/wp\/v2\/categories?post=21047"},{"taxonomy":"post_tag","embeddable":true,"href":"https:\/\/www.tjes.jus.br\/corregedoria\/wp-json\/wp\/v2\/tags?post=21047"}],"curies":[{"name":"wp","href":"https:\/\/api.w.org\/{rel}","templated":true}]}}