{"id":21049,"date":"2017-11-16T13:31:08","date_gmt":"2017-11-16T15:31:08","guid":{"rendered":"https:\/\/www.tjes.jus.br\/corregedoria\/?p=21049"},"modified":"2017-11-16T13:31:08","modified_gmt":"2017-11-16T15:31:08","slug":"oficio-circular-no-1942013-publ-13082013","status":"publish","type":"post","link":"https:\/\/www.tjes.jus.br\/corregedoria\/2017\/11\/16\/oficio-circular-no-1942013-publ-13082013\/","title":{"rendered":"OF\u00cdCIO-CIRCULAR N\u00ba 194\/2013 &#8211; PUBL. 13\/08\/2013"},"content":{"rendered":"<p style=\"text-align: center;\"><strong>ESTADO DO ESP\u00cdRITO SANTO<\/strong><\/p>\n<p style=\"text-align: center;\"><strong>PODER JUDICI\u00c1RIO<\/strong><\/p>\n<p style=\"text-align: center;\"><strong>CORREGEDORIA GERAL DA JUSTI\u00c7A<\/strong><\/p>\n<p style=\"text-align: center;\"><strong>OF\u00cdCIO-CIRCULAR N\u00ba . 194\/2013<\/strong><\/p>\n<p style=\"text-align: justify;\">(FAVOR MENCIONAR ESSA REFER\u00caNCIA)<\/p>\n<p style=\"text-align: justify;\">PROTOCOLO CGJ\/ES 2013.00.994.342<\/p>\n<p style=\"text-align: justify;\">O EXMO. SR. DESEMBARGADOR CORREGEDORGERAL DA JUSTI\u00c7A DO ESTADO DO ESP\u00cdRITO SANTO, NO USO DE SUAS ATRIBUI\u00c7\u00d5ES LEGAIS:<\/p>\n<p style=\"text-align: justify;\"><strong>CONSIDERANDO<\/strong> O RECEBIMENTO DO OF\u00cdCIO CIRCULAR N\u00ba 187\/2013 &#8211; SEC DA LAVRA DA EXCELENT\u00cdSSIMA DESEMBARGADORA CORREGEDORA- GERAL DA JUSTI\u00c7A DO ESTADO DE GOI\u00c1S;<\/p>\n<p style=\"text-align: justify;\"><strong>CONSIDERANDO<\/strong> QUE REFERIDO OF\u00cdCIO CIRCULAR INFORMA SOBRE A INUTILIZA\u00c7\u00c3O DOS SELOS DO CART\u00d3RIO DE REGISTRO CIVIL DE PESSOAS NATURAIS E DE INTERDI\u00c7\u00d5ES DA COMARCA DE INHUMAS\/GO, CONFORME SEGUE ABAIXO:<\/p>\n<table>\n<tbody>\n<tr>\n<td style=\"text-align: center;\" width=\"192\">COR<\/td>\n<td style=\"text-align: center;\" width=\"192\">N\u00ba INICIAL<\/td>\n<td style=\"text-align: center;\" width=\"192\">FINAL<\/td>\n<\/tr>\n<tr>\n<td style=\"text-align: center;\" width=\"192\">AZUL CERTID\u00c3O\/TRASLADO<\/td>\n<td style=\"text-align: center;\" width=\"192\">0356B013275<\/td>\n<td style=\"text-align: center;\" width=\"192\">0356B013400<\/td>\n<\/tr>\n<tr>\n<td style=\"text-align: center;\" width=\"192\">VERMELHO ISENTO<\/td>\n<td style=\"text-align: center;\" width=\"192\">0356B007369<\/td>\n<td style=\"text-align: center;\" width=\"192\">0356B007500<\/td>\n<\/tr>\n<tr>\n<td style=\"text-align: center;\" width=\"192\">ROXO AUTENTICA\u00c7\u00c3O<\/td>\n<td style=\"text-align: center;\" width=\"192\">0356B004271<\/td>\n<td style=\"text-align: center;\" width=\"192\">0356B004400<\/td>\n<\/tr>\n<\/tbody>\n<\/table>\n<p style=\"text-align: justify;\">RECOMENDO AOS JU\u00cdZES DE DIREITO DIRETORES DOS F\u00d3RUNS, MEMBROS DO MINIST\u00c9RIO P\u00daBLICO, ADVOGADOS, NOT\u00c1RIOS E REGISTRADORES, SERVENTU\u00c1RIOS E A QUEM MAIS POSSA INTERESSAR, QUE OBSERVEM O COMUNICADO SUPRA CITADO, E ADOTEM AS PROVID\u00caNCIAS QUE ENTENDEREM PERTINENTES.<\/p>\n<p style=\"text-align: justify;\"><strong>PUBLIQUE-SE<\/strong>.<\/p>\n<p style=\"text-align: justify;\"><strong>CUMPRA-SE<\/strong>.<\/p>\n<p style=\"text-align: justify;\">VIT\u00d3RIA\/ES, 09 DE AGOSTO DE 2013.<\/p>\n<p style=\"text-align: center;\"><strong>DES. CARLOS HENRIQUE RIOS DO AMARAL<br \/>\nCORREGEDOR-GERAL DA JUSTI\u00c7A<\/strong><\/p>\n","protected":false},"excerpt":{"rendered":"<p>ESTADO DO ESP\u00cdRITO SANTO PODER JUDICI\u00c1RIO CORREGEDORIA GERAL DA JUSTI\u00c7A OF\u00cdCIO-CIRCULAR N\u00ba . 194\/2013 (FAVOR MENCIONAR ESSA REFER\u00caNCIA) PROTOCOLO CGJ\/ES 2013.00.994.342 O EXMO. SR. DESEMBARGADOR CORREGEDORGERAL DA JUSTI\u00c7A DO ESTADO DO ESP\u00cdRITO SANTO, NO USO DE SUAS ATRIBUI\u00c7\u00d5ES LEGAIS: CONSIDERANDO O RECEBIMENTO DO OF\u00cdCIO CIRCULAR N\u00ba 187\/2013 &#8211; SEC DA LAVRA DA EXCELENT\u00cdSSIMA DESEMBARGADORA CORREGEDORA- [&hellip;]<\/p>\n","protected":false},"author":3,"featured_media":0,"comment_status":"open","ping_status":"open","sticky":false,"template":"","format":"standard","meta":{"footnotes":""},"categories":[5],"tags":[],"_links":{"self":[{"href":"https:\/\/www.tjes.jus.br\/corregedoria\/wp-json\/wp\/v2\/posts\/21049"}],"collection":[{"href":"https:\/\/www.tjes.jus.br\/corregedoria\/wp-json\/wp\/v2\/posts"}],"about":[{"href":"https:\/\/www.tjes.jus.br\/corregedoria\/wp-json\/wp\/v2\/types\/post"}],"author":[{"embeddable":true,"href":"https:\/\/www.tjes.jus.br\/corregedoria\/wp-json\/wp\/v2\/users\/3"}],"replies":[{"embeddable":true,"href":"https:\/\/www.tjes.jus.br\/corregedoria\/wp-json\/wp\/v2\/comments?post=21049"}],"version-history":[{"count":1,"href":"https:\/\/www.tjes.jus.br\/corregedoria\/wp-json\/wp\/v2\/posts\/21049\/revisions"}],"predecessor-version":[{"id":21050,"href":"https:\/\/www.tjes.jus.br\/corregedoria\/wp-json\/wp\/v2\/posts\/21049\/revisions\/21050"}],"wp:attachment":[{"href":"https:\/\/www.tjes.jus.br\/corregedoria\/wp-json\/wp\/v2\/media?parent=21049"}],"wp:term":[{"taxonomy":"category","embeddable":true,"href":"https:\/\/www.tjes.jus.br\/corregedoria\/wp-json\/wp\/v2\/categories?post=21049"},{"taxonomy":"post_tag","embeddable":true,"href":"https:\/\/www.tjes.jus.br\/corregedoria\/wp-json\/wp\/v2\/tags?post=21049"}],"curies":[{"name":"wp","href":"https:\/\/api.w.org\/{rel}","templated":true}]}}