{"id":21052,"date":"2017-11-16T13:34:47","date_gmt":"2017-11-16T15:34:47","guid":{"rendered":"https:\/\/www.tjes.jus.br\/corregedoria\/?p=21052"},"modified":"2017-11-16T13:34:47","modified_gmt":"2017-11-16T15:34:47","slug":"oficio-circular-no-1952013-publ-13082013","status":"publish","type":"post","link":"https:\/\/www.tjes.jus.br\/corregedoria\/2017\/11\/16\/oficio-circular-no-1952013-publ-13082013\/","title":{"rendered":"OF\u00cdCIO-CIRCULAR N\u00ba 195\/2013 &#8211; PUBL. 13\/08\/2013"},"content":{"rendered":"<p style=\"text-align: center;\"><strong>ESTADO DO ESP\u00cdRITO SANTO<\/strong><\/p>\n<p style=\"text-align: center;\"><strong>PODER JUDICI\u00c1RIO<\/strong><\/p>\n<p style=\"text-align: center;\"><strong>CORREGEDORIA GERAL DA JUSTI\u00c7A<\/strong><\/p>\n<p style=\"text-align: center;\"><strong>OF\u00cdCIO-CIRCULAR N\u00ba . 195\/2013<\/strong><\/p>\n<p style=\"text-align: justify;\">(FAVOR MENCIONAR ESSA REFER\u00caNCIA)<\/p>\n<p style=\"text-align: justify;\">PROTOCOLO CGJ\/ES 2013.00.994.302<\/p>\n<p style=\"text-align: justify;\">O EXMO. SR. DESEMBARGADOR CORREGEDOR- GERAL DA JUSTI\u00c7A DO ESTADO DO ESP\u00cdRITO SANTO, NO USO DE SUAS ATRIBUI\u00c7\u00d5ES LEGAIS:<\/p>\n<p style=\"text-align: justify;\"><strong>CONSIDERANDO<\/strong> O RECEBIMENTO DO OF\u00cdCIO CIRCULAR N\u00ba 189\/2013 &#8211; SEC DA LAVRA DA EXCELENT\u00cdSSIMA DESEMBARGADORA CORREGEDORA- GERAL DA JUSTI\u00c7A DO ESTADO DE GOI\u00c1S;<\/p>\n<p style=\"text-align: justify;\"><strong>CONSIDERANDO<\/strong> QUE REFERIDO OF\u00cdCIO CIRCULAR INFORMA SOBRE A INUTILIZA\u00c7\u00c3O DOS SELOS DO CART\u00d3RIO DE PESSOAS JUR\u00cdDICAS, T\u00cdTULOS, DOCUMENTOS E PROTESTOS E TABELIONATO 2\u00ba DE NOTAS DA COMARCA DE MORRINHOS\/GO, CONFORME SEGUE ABAIXO:<\/p>\n<table>\n<tbody>\n<tr>\n<td style=\"text-align: center;\" width=\"192\">TIPO\/COR<\/td>\n<td style=\"text-align: center;\" width=\"192\">N\u00ba INICIAL<\/td>\n<td style=\"text-align: center;\" width=\"192\">FINAL<\/td>\n<\/tr>\n<tr>\n<td style=\"text-align: center;\" width=\"192\">SELO PADR\u00c3O (VERDE)<\/td>\n<td style=\"text-align: center;\" width=\"192\">0534B057248<\/td>\n<td style=\"text-align: center;\" width=\"192\">0534B059000<\/td>\n<\/tr>\n<tr>\n<td style=\"text-align: center;\" width=\"192\">SELO ISENTO (VERMELHO)<\/td>\n<td style=\"text-align: center;\" width=\"192\">0534B000467<\/td>\n<td style=\"text-align: center;\" width=\"192\">0534B000700<\/td>\n<\/tr>\n<tr>\n<td style=\"text-align: center;\" width=\"192\">SELO AUTENTICA\u00c7\u00c3O (ROXO)<\/td>\n<td style=\"text-align: center;\" width=\"192\">0534B061551<\/td>\n<td style=\"text-align: center;\" width=\"192\">0534B066000<\/td>\n<\/tr>\n<tr>\n<td style=\"text-align: center;\" width=\"192\">SELO RECONHECIMENTO DE FIRMA (MARROM)<\/td>\n<td style=\"text-align: center;\" width=\"192\">0534B140237<\/td>\n<td style=\"text-align: center;\" width=\"192\">0534B146000<\/td>\n<\/tr>\n<tr>\n<td style=\"text-align: center;\" width=\"192\">SELO CERTID\u00c3O\/TRASLADO (AZUL)<\/td>\n<td style=\"text-align: center;\" width=\"192\">0534B000845<\/td>\n<td style=\"text-align: center;\" width=\"192\">0534B001200<\/td>\n<\/tr>\n<tr>\n<td style=\"text-align: center;\" width=\"192\">SELO EM FORMA DE RELA\u00c7\u00c3O 1 ATO (S\u00c9PIA)<\/td>\n<td style=\"text-align: center;\" width=\"192\">0534B002103<\/td>\n<td style=\"text-align: center;\" width=\"192\">0534B002600<\/td>\n<\/tr>\n<tr>\n<td style=\"text-align: center;\" width=\"192\">SELO CERTID\u00c3O EM FORMA DE RELA\u00c7\u00c3O &#8211; 10 ATOS (LARANJA)<\/td>\n<td style=\"text-align: center;\" width=\"192\">0534B000118<\/td>\n<td style=\"text-align: center;\" width=\"192\">0534B000500<\/td>\n<\/tr>\n<tr>\n<td style=\"text-align: center;\" width=\"192\">SELO CERTID\u00c3O EM FORMA DE RELA\u00c7\u00c3O 100 ATOS (CINZA)<\/td>\n<td style=\"text-align: center;\" width=\"192\">0534B000001<\/td>\n<td style=\"text-align: center;\" width=\"192\">0534B000600<\/td>\n<\/tr>\n<tr>\n<td style=\"text-align: center;\" width=\"192\">SELO CERTID\u00c3O EM FORMA DE RELA\u00c7\u00c3O &#8211; 100 ATOS (CINZA)<\/td>\n<td style=\"text-align: center;\" width=\"192\">0534A000259<\/td>\n<td style=\"text-align: center;\" width=\"192\">0534A000500<\/td>\n<\/tr>\n<\/tbody>\n<\/table>\n<p style=\"text-align: justify;\"><strong>RECOMENDO<\/strong> AOS JU\u00cdZES DE DIREITO DIRETORES DOS F\u00d3RUNS, MEMBROS DO MINIST\u00c9RIO P\u00daBLICO, ADVOGADOS, NOT\u00c1RIOS E REGISTRADORES, SERVENTU\u00c1RIOS E A QUEM MAIS POSSA INTERESSAR, QUE OBSERVEM O COMUNICADO SUPRA CITADO, E ADOTEM AS PROVID\u00caNCIAS QUE ENTENDEREM PERTINENTES.<\/p>\n<p style=\"text-align: justify;\"><strong>PUBLIQUE-SE<\/strong>.<\/p>\n<p style=\"text-align: justify;\"><strong>CUMPRA-SE<\/strong>.<\/p>\n<p style=\"text-align: justify;\">VIT\u00d3RIA\/ES, 09 DE AGOSTO DE 2013.<\/p>\n<p style=\"text-align: center;\"><strong>DES. CARLOS HENRIQUE RIOS DO AMARAL<br \/>\nCORREGEDOR-GERAL DA JUSTI\u00c7A<\/strong><\/p>\n","protected":false},"excerpt":{"rendered":"<p>ESTADO DO ESP\u00cdRITO SANTO PODER JUDICI\u00c1RIO CORREGEDORIA GERAL DA JUSTI\u00c7A OF\u00cdCIO-CIRCULAR N\u00ba . 195\/2013 (FAVOR MENCIONAR ESSA REFER\u00caNCIA) PROTOCOLO CGJ\/ES 2013.00.994.302 O EXMO. SR. DESEMBARGADOR CORREGEDOR- GERAL DA JUSTI\u00c7A DO ESTADO DO ESP\u00cdRITO SANTO, NO USO DE SUAS ATRIBUI\u00c7\u00d5ES LEGAIS: CONSIDERANDO O RECEBIMENTO DO OF\u00cdCIO CIRCULAR N\u00ba 189\/2013 &#8211; SEC DA LAVRA DA EXCELENT\u00cdSSIMA DESEMBARGADORA [&hellip;]<\/p>\n","protected":false},"author":3,"featured_media":0,"comment_status":"open","ping_status":"open","sticky":false,"template":"","format":"standard","meta":{"footnotes":""},"categories":[5],"tags":[],"_links":{"self":[{"href":"https:\/\/www.tjes.jus.br\/corregedoria\/wp-json\/wp\/v2\/posts\/21052"}],"collection":[{"href":"https:\/\/www.tjes.jus.br\/corregedoria\/wp-json\/wp\/v2\/posts"}],"about":[{"href":"https:\/\/www.tjes.jus.br\/corregedoria\/wp-json\/wp\/v2\/types\/post"}],"author":[{"embeddable":true,"href":"https:\/\/www.tjes.jus.br\/corregedoria\/wp-json\/wp\/v2\/users\/3"}],"replies":[{"embeddable":true,"href":"https:\/\/www.tjes.jus.br\/corregedoria\/wp-json\/wp\/v2\/comments?post=21052"}],"version-history":[{"count":1,"href":"https:\/\/www.tjes.jus.br\/corregedoria\/wp-json\/wp\/v2\/posts\/21052\/revisions"}],"predecessor-version":[{"id":21053,"href":"https:\/\/www.tjes.jus.br\/corregedoria\/wp-json\/wp\/v2\/posts\/21052\/revisions\/21053"}],"wp:attachment":[{"href":"https:\/\/www.tjes.jus.br\/corregedoria\/wp-json\/wp\/v2\/media?parent=21052"}],"wp:term":[{"taxonomy":"category","embeddable":true,"href":"https:\/\/www.tjes.jus.br\/corregedoria\/wp-json\/wp\/v2\/categories?post=21052"},{"taxonomy":"post_tag","embeddable":true,"href":"https:\/\/www.tjes.jus.br\/corregedoria\/wp-json\/wp\/v2\/tags?post=21052"}],"curies":[{"name":"wp","href":"https:\/\/api.w.org\/{rel}","templated":true}]}}