{"id":21057,"date":"2017-11-16T13:42:10","date_gmt":"2017-11-16T15:42:10","guid":{"rendered":"https:\/\/www.tjes.jus.br\/corregedoria\/?p=21057"},"modified":"2017-11-16T13:42:10","modified_gmt":"2017-11-16T15:42:10","slug":"oficio-circular-no-1972013-publ-13082013","status":"publish","type":"post","link":"https:\/\/www.tjes.jus.br\/corregedoria\/2017\/11\/16\/oficio-circular-no-1972013-publ-13082013\/","title":{"rendered":"OF\u00cdCIO-CIRCULAR N\u00ba 197\/2013 &#8211; PUBL. 13\/08\/2013"},"content":{"rendered":"<p style=\"text-align: center;\"><strong>ESTADO DO ESP\u00cdRITO SANTO<\/strong><\/p>\n<p style=\"text-align: center;\"><strong>PODER JUDICI\u00c1RIO<\/strong><\/p>\n<p style=\"text-align: center;\"><strong>CORREGEDORIA GERAL DA JUSTI\u00c7A<\/strong><\/p>\n<p style=\"text-align: center;\"><strong>OF\u00cdCIO-CIRCULAR N\u00ba . 197\/2013<\/strong><\/p>\n<p style=\"text-align: justify;\">(FAVOR MENCIONAR ESSA REFER\u00caNCIA)<\/p>\n<p style=\"text-align: justify;\">PROTOCOLO CGJ\/ES 2013.01.002.834<\/p>\n<p style=\"text-align: justify;\">O EXMO. SR. DESEMBARGADOR CORREGEDORGERAL DA JUSTI\u00c7A DO ESTADO DO ESP\u00cdRITO SANTO, NO USO DE SUAS ATRIBUI\u00c7\u00d5ES LEGAIS:<\/p>\n<p style=\"text-align: justify;\"><strong>CONSIDERANDO<\/strong> O RECEBIMENTO DO OF\u00cdCIO CIRCULAR N\u00ba 2718\/2013 -CGJ DA LAVRA DA EXCELENT\u00cdSSIMA DESEMBARGADORA CORREGEDORA- GERAL DA JUSTI\u00c7A DO ESTADO DE SERGIPE;<\/p>\n<p style=\"text-align: justify;\"><strong>CONSIDERANDO<\/strong> QUE REFERIDO OF\u00cdCIO CIRCULAR INFORMA SOBRE A INUTILIZA\u00c7\u00c3O DOS SELOS, DO CART\u00d3RIO EXTRAJUDICIAL DO 1\u00ba OF\u00cdCIO DA COMARCA DA BARRA DOS COQUEIROS\/SE, CONFORME TABELA ABAIXO:<\/p>\n<table>\n<tbody>\n<tr>\n<td style=\"text-align: center;\" width=\"115\">N\u00daMERO DO SELO<\/td>\n<td style=\"text-align: center;\" width=\"115\">TIPO DO SELO<\/td>\n<td style=\"text-align: center;\" width=\"115\">EMPRESA<\/td>\n<td style=\"text-align: center;\" width=\"115\">DATA DA INUTILIZA\u00c7\u00c3O<\/td>\n<td style=\"text-align: center;\" width=\"115\">MOTIVO DA INUTILIZA\u00c7\u00c3O<\/td>\n<\/tr>\n<tr>\n<td style=\"text-align: center;\" width=\"115\">5463702<\/td>\n<td style=\"text-align: center;\" width=\"115\">AUTENTICA\u00c7\u00c3O<\/td>\n<td style=\"text-align: center;\" width=\"115\">RR DONNELLEY \u2013 MOORE<\/td>\n<td style=\"text-align: center;\" width=\"115\">07\/06\/2013<\/td>\n<td style=\"text-align: center;\" width=\"115\">EXTRAVIO<\/td>\n<\/tr>\n<tr>\n<td style=\"text-align: center;\" width=\"115\">5463703<\/td>\n<td style=\"text-align: center;\" width=\"115\">AUTENTICA\u00c7\u00c3O<\/td>\n<td style=\"text-align: center;\" width=\"115\">RR DONNELLEY \u2013 MOORE<\/td>\n<td style=\"text-align: center;\" width=\"115\">07\/06\/2013<\/td>\n<td style=\"text-align: center;\" width=\"115\">EXTRAVIO<\/td>\n<\/tr>\n<tr>\n<td style=\"text-align: center;\" width=\"115\">5463704<\/td>\n<td style=\"text-align: center;\" width=\"115\">AUTENTICA\u00c7\u00c3O<\/td>\n<td style=\"text-align: center;\" width=\"115\">RR DONNELLEY \u2013 MOORE<\/td>\n<td style=\"text-align: center;\" width=\"115\">07\/06\/2013<\/td>\n<td style=\"text-align: center;\" width=\"115\">EXTRAVIO<\/td>\n<\/tr>\n<\/tbody>\n<\/table>\n<p style=\"text-align: justify;\"><strong>RECOMENDO<\/strong> AOS JU\u00cdZES DE DIREITO DIRETORES DOS F\u00d3RUNS, MEMBROS DO MINIST\u00c9RIO P\u00daBLICO, ADVOGADOS, NOT\u00c1RIOS E REGISTRADORES, SERVENTU\u00c1RIOS E A QUEM MAIS POSSA INTERESSAR, QUE OBSERVEM O COMUNICADO SUPRA CITADO, E ADOTEM AS PROVID\u00caNCIAS QUE ENTENDEREM PERTINENTES.<\/p>\n<p style=\"text-align: justify;\"><strong>PUBLIQUE-SE. CUMPRA-SE.<\/strong><\/p>\n<p style=\"text-align: justify;\">VIT\u00d3RIA\/ES, 09 DE AGOSTO DE 2013.<\/p>\n<p style=\"text-align: center;\"><strong>DES. CARLOS HENRIQUE RIOS DO AMARAL<br \/>\nCORREGEDOR-GERAL DA JUSTI\u00c7A<\/strong><\/p>\n","protected":false},"excerpt":{"rendered":"<p>ESTADO DO ESP\u00cdRITO SANTO PODER JUDICI\u00c1RIO CORREGEDORIA GERAL DA JUSTI\u00c7A OF\u00cdCIO-CIRCULAR N\u00ba . 197\/2013 (FAVOR MENCIONAR ESSA REFER\u00caNCIA) PROTOCOLO CGJ\/ES 2013.01.002.834 O EXMO. SR. DESEMBARGADOR CORREGEDORGERAL DA JUSTI\u00c7A DO ESTADO DO ESP\u00cdRITO SANTO, NO USO DE SUAS ATRIBUI\u00c7\u00d5ES LEGAIS: CONSIDERANDO O RECEBIMENTO DO OF\u00cdCIO CIRCULAR N\u00ba 2718\/2013 -CGJ DA LAVRA DA EXCELENT\u00cdSSIMA DESEMBARGADORA CORREGEDORA- GERAL [&hellip;]<\/p>\n","protected":false},"author":3,"featured_media":0,"comment_status":"open","ping_status":"open","sticky":false,"template":"","format":"standard","meta":{"footnotes":""},"categories":[5],"tags":[],"_links":{"self":[{"href":"https:\/\/www.tjes.jus.br\/corregedoria\/wp-json\/wp\/v2\/posts\/21057"}],"collection":[{"href":"https:\/\/www.tjes.jus.br\/corregedoria\/wp-json\/wp\/v2\/posts"}],"about":[{"href":"https:\/\/www.tjes.jus.br\/corregedoria\/wp-json\/wp\/v2\/types\/post"}],"author":[{"embeddable":true,"href":"https:\/\/www.tjes.jus.br\/corregedoria\/wp-json\/wp\/v2\/users\/3"}],"replies":[{"embeddable":true,"href":"https:\/\/www.tjes.jus.br\/corregedoria\/wp-json\/wp\/v2\/comments?post=21057"}],"version-history":[{"count":1,"href":"https:\/\/www.tjes.jus.br\/corregedoria\/wp-json\/wp\/v2\/posts\/21057\/revisions"}],"predecessor-version":[{"id":21058,"href":"https:\/\/www.tjes.jus.br\/corregedoria\/wp-json\/wp\/v2\/posts\/21057\/revisions\/21058"}],"wp:attachment":[{"href":"https:\/\/www.tjes.jus.br\/corregedoria\/wp-json\/wp\/v2\/media?parent=21057"}],"wp:term":[{"taxonomy":"category","embeddable":true,"href":"https:\/\/www.tjes.jus.br\/corregedoria\/wp-json\/wp\/v2\/categories?post=21057"},{"taxonomy":"post_tag","embeddable":true,"href":"https:\/\/www.tjes.jus.br\/corregedoria\/wp-json\/wp\/v2\/tags?post=21057"}],"curies":[{"name":"wp","href":"https:\/\/api.w.org\/{rel}","templated":true}]}}