{"id":21061,"date":"2017-11-16T14:18:25","date_gmt":"2017-11-16T16:18:25","guid":{"rendered":"https:\/\/www.tjes.jus.br\/corregedoria\/?p=21061"},"modified":"2017-11-16T14:31:21","modified_gmt":"2017-11-16T16:31:21","slug":"ato-no-1012013-publ-21082013","status":"publish","type":"post","link":"https:\/\/www.tjes.jus.br\/corregedoria\/2017\/11\/16\/ato-no-1012013-publ-21082013\/","title":{"rendered":"ATO N\u00ba 101\/2013 &#8211; PUBL. 21\/08\/2013"},"content":{"rendered":"<p style=\"text-align: center;\"><strong>CORREGEDORIA GERAL DA JUSTI\u00c7A<\/strong><\/p>\n<p style=\"text-align: center;\"><strong>PODER JUDICI\u00c1RIO<\/strong><\/p>\n<p style=\"text-align: center;\"><strong>ESTADO DO ESP\u00cdRITO SANTO<\/strong><\/p>\n<p style=\"text-align: center;\"><strong>Coordenadoria de Monitoramento do Foro Judicial e Extrajudicial<\/strong><\/p>\n<p style=\"text-align: center;\"><strong>ATO N\u00ba 101\/2013<\/strong><\/p>\n<p style=\"text-align: justify;\">O Desembargador CARLOS HENRIQUE RIOS DO AMARAL, Corregedor Geral da Justi\u00e7a do Estado do Esp\u00edrito Santo, no uso de suas atribui\u00e7\u00f5es legais e, em atendimento ao disposto no art. 60, inciso XI do Regimento Interno do TJES (Resolu\u00e7\u00e3o N\u00ba 15\/95),<\/p>\n<p style=\"text-align: justify;\"><strong>RESOLVE<\/strong>:<\/p>\n<p style=\"text-align: justify;\"><strong>APLICAR<\/strong> pena de <strong>SUSPENS\u00c3O pelo prazo de 90 (noventa) dias, ao Sr. WANDY VOLZ<\/strong> \u2013 Oficial e Tabeli\u00e3o do Registro Civil e Tabelionato da Sede da Comarca de S\u00e3o Domingos do Norte, com fundamento no artigo 32,III, c\/c artigo 33, III da Lei n\u00ba. 8.935\/34, conforme r. Decis\u00e3o exarada nos autos do processo n\u00ba 2012.00.860.276\/1023097(CGJES), desta Corregedoria Geral da Justi\u00e7a. (<strong><a href=\"https:\/\/www.tjes.jus.br\/corregedoria\/2017\/11\/16\/errata-do-ato-no-1012013-publ-23082013\/\" target=\"_blank\" rel=\"noopener\">Errata<\/a> publicada em 23\/08\/2013<\/strong>)<\/p>\n<p style=\"text-align: justify;\"><strong>Publique-se<\/strong>.<\/p>\n<p style=\"text-align: justify;\">Vit\u00f3ria-ES, 15 de agosto de 2013.<\/p>\n<p style=\"text-align: center;\"><strong>DESEMBARGADOR CARLOS HENRIQUE RIOS DO AMARAL<br \/>\nCorregedor Geral da Justi\u00e7a<\/strong><\/p>\n<h2 style=\"text-align: center;\"><span style=\"color: #ff0000;\">ERRATA PUBLICADA EM 23\/08\/2013 (<a href=\"https:\/\/www.tjes.jus.br\/corregedoria\/2017\/11\/16\/errata-do-ato-no-1012013-publ-23082013\/\" target=\"_blank\" rel=\"noopener\">CLIQUE AQUI<\/a>)<\/span><\/h2>\n","protected":false},"excerpt":{"rendered":"<p>CORREGEDORIA GERAL DA JUSTI\u00c7A PODER JUDICI\u00c1RIO ESTADO DO ESP\u00cdRITO SANTO Coordenadoria de Monitoramento do Foro Judicial e Extrajudicial ATO N\u00ba 101\/2013 O Desembargador CARLOS HENRIQUE RIOS DO AMARAL, Corregedor Geral da Justi\u00e7a do Estado do Esp\u00edrito Santo, no uso de suas atribui\u00e7\u00f5es legais e, em atendimento ao disposto no art. 60, inciso XI do Regimento [&hellip;]<\/p>\n","protected":false},"author":3,"featured_media":0,"comment_status":"open","ping_status":"open","sticky":false,"template":"","format":"standard","meta":{"footnotes":""},"categories":[18],"tags":[],"_links":{"self":[{"href":"https:\/\/www.tjes.jus.br\/corregedoria\/wp-json\/wp\/v2\/posts\/21061"}],"collection":[{"href":"https:\/\/www.tjes.jus.br\/corregedoria\/wp-json\/wp\/v2\/posts"}],"about":[{"href":"https:\/\/www.tjes.jus.br\/corregedoria\/wp-json\/wp\/v2\/types\/post"}],"author":[{"embeddable":true,"href":"https:\/\/www.tjes.jus.br\/corregedoria\/wp-json\/wp\/v2\/users\/3"}],"replies":[{"embeddable":true,"href":"https:\/\/www.tjes.jus.br\/corregedoria\/wp-json\/wp\/v2\/comments?post=21061"}],"version-history":[{"count":3,"href":"https:\/\/www.tjes.jus.br\/corregedoria\/wp-json\/wp\/v2\/posts\/21061\/revisions"}],"predecessor-version":[{"id":21071,"href":"https:\/\/www.tjes.jus.br\/corregedoria\/wp-json\/wp\/v2\/posts\/21061\/revisions\/21071"}],"wp:attachment":[{"href":"https:\/\/www.tjes.jus.br\/corregedoria\/wp-json\/wp\/v2\/media?parent=21061"}],"wp:term":[{"taxonomy":"category","embeddable":true,"href":"https:\/\/www.tjes.jus.br\/corregedoria\/wp-json\/wp\/v2\/categories?post=21061"},{"taxonomy":"post_tag","embeddable":true,"href":"https:\/\/www.tjes.jus.br\/corregedoria\/wp-json\/wp\/v2\/tags?post=21061"}],"curies":[{"name":"wp","href":"https:\/\/api.w.org\/{rel}","templated":true}]}}