{"id":21075,"date":"2017-11-16T16:26:21","date_gmt":"2017-11-16T18:26:21","guid":{"rendered":"https:\/\/www.tjes.jus.br\/corregedoria\/?p=21075"},"modified":"2017-11-16T16:26:21","modified_gmt":"2017-11-16T18:26:21","slug":"oficio-circular-no-2032013","status":"publish","type":"post","link":"https:\/\/www.tjes.jus.br\/corregedoria\/2017\/11\/16\/oficio-circular-no-2032013\/","title":{"rendered":"OF\u00cdCIO-CIRCULAR N\u00ba 203\/2013"},"content":{"rendered":"<p style=\"text-align: center;\"><strong>ESTADO DO ESP\u00cdRITO SANTO<\/strong><\/p>\n<p style=\"text-align: center;\"><strong>PODER JUDICI\u00c1RIO<\/strong><\/p>\n<p style=\"text-align: center;\"><strong>CORREGEDORIA GERAL DA JUSTI\u00c7A<\/strong><\/p>\n<p style=\"text-align: center;\"><strong>OF\u00cdCIO-CIRCULAR N\u00ba. 203\/2013<\/strong><\/p>\n<p style=\"text-align: justify;\">(Favor mencionar essa refer\u00eancia)<\/p>\n<p style=\"text-align: justify;\">Protocolo CGJ\/ES 2013.01.067.706<\/p>\n<p style=\"text-align: justify;\">O Exmo. Sr. Desembargador Corregedor-Geral da Justi\u00e7a do Estado do Esp\u00edrito Santo, no uso de suas atribui\u00e7\u00f5es legais:<\/p>\n<p style=\"text-align: justify;\"><strong>CONSIDERANDO<\/strong> o recebimento do Of\u00edcio Circular n\u00ba 217 -CGJ da lavra da Excelent\u00edssima Desembargadora Corregedora- Geral da Justi\u00e7a do Estado de Goi\u00e1s;<\/p>\n<p style=\"text-align: justify;\"><strong>CONSIDERANDO<\/strong> que referido Of\u00edcio Circular informa sobre a INUTILIZA\u00c7\u00c3O dos selos do Cart\u00f3rio 2\u00ba Tabelionato de Notas, Tabelionato e Oficialato de Registros de Contratos Mar\u00edtimos da Comarca de Itumbiara\/GO.<\/p>\n<table>\n<tbody>\n<tr>\n<td style=\"text-align: center;\" width=\"192\">N\u00daMERO DO SELO<\/td>\n<td style=\"text-align: center;\" width=\"192\">TIPO DO SELO<\/td>\n<td style=\"text-align: center;\" width=\"192\">MOTIVO DA INUTILIZA\u00c7\u00c3O<\/td>\n<\/tr>\n<tr>\n<td style=\"text-align: center;\" width=\"192\">0438B336387 at\u00e9 0438B336400;<\/td>\n<td style=\"text-align: center;\" width=\"192\">Reconhecimento de firma<\/td>\n<td style=\"text-align: center;\" width=\"192\">Implanta\u00e7\u00e3o Selo Eletr\u00f4nico<\/td>\n<\/tr>\n<tr>\n<td style=\"text-align: center;\" width=\"192\">0438B339643 at\u00e9 0438B34100;<\/td>\n<td style=\"text-align: center;\" width=\"192\">Reconhecimento de firma<\/td>\n<td style=\"text-align: center;\" width=\"192\">Implanta\u00e7\u00e3o Selo Eletr\u00f4nico<\/td>\n<\/tr>\n<tr>\n<td style=\"text-align: center;\" width=\"192\">0438B447381 at\u00e9 0438B447400;<\/td>\n<td style=\"text-align: center;\" width=\"192\">Autentica\u00e7\u00e3o<\/td>\n<td style=\"text-align: center;\" width=\"192\">Implanta\u00e7\u00e3o Selo Eletr\u00f4nico<\/td>\n<\/tr>\n<tr>\n<td style=\"text-align: center;\" width=\"192\">0438B448934 at\u00e9 0438B448935;<\/td>\n<td style=\"text-align: center;\" width=\"192\">Autentica\u00e7\u00e3o<\/td>\n<td style=\"text-align: center;\" width=\"192\">Implanta\u00e7\u00e3o Selo Eletr\u00f4nico<\/td>\n<\/tr>\n<tr>\n<td style=\"text-align: center;\" width=\"192\">0438B448939 at\u00e9 0438B449000;<\/td>\n<td style=\"text-align: center;\" width=\"192\">Autentica\u00e7\u00e3o<\/td>\n<td style=\"text-align: center;\" width=\"192\">Implanta\u00e7\u00e3o Selo Eletr\u00f4nico<\/td>\n<\/tr>\n<tr>\n<td style=\"text-align: center;\" width=\"192\">0438B003101 at\u00e9 0438B007000;<\/td>\n<td style=\"text-align: center;\" width=\"192\">Padr\u00e3o<\/td>\n<td style=\"text-align: center;\" width=\"192\">Implanta\u00e7\u00e3o Selo Eletr\u00f4nico<\/td>\n<\/tr>\n<tr>\n<td style=\"text-align: center;\" width=\"192\">0438B008001 at\u00e9 0438B009000;<\/td>\n<td style=\"text-align: center;\" width=\"192\">Padr\u00e3o<\/td>\n<td style=\"text-align: center;\" width=\"192\">Implanta\u00e7\u00e3o Selo Eletr\u00f4nico<\/td>\n<\/tr>\n<tr>\n<td style=\"text-align: center;\" width=\"192\">0438B000590 at\u00e9 0438B000600;<\/td>\n<td style=\"text-align: center;\" width=\"192\">Certid\u00e3o<\/td>\n<td style=\"text-align: center;\" width=\"192\">Implanta\u00e7\u00e3o Selo Eletr\u00f4nico<\/td>\n<\/tr>\n<tr>\n<td style=\"text-align: center;\" width=\"192\">0438B000651 at\u00e9 0438B002000;<\/td>\n<td style=\"text-align: center;\" width=\"192\">Certid\u00e3o<\/td>\n<td style=\"text-align: center;\" width=\"192\">Implanta\u00e7\u00e3o Selo Eletr\u00f4nico<\/td>\n<\/tr>\n<tr>\n<td style=\"text-align: center;\" width=\"192\">0438B002051 at\u00e9 0438B007000;<\/td>\n<td style=\"text-align: center;\" width=\"192\">Certid\u00e3o<\/td>\n<td style=\"text-align: center;\" width=\"192\">Implanta\u00e7\u00e3o Selo Eletr\u00f4nico<\/td>\n<\/tr>\n<tr>\n<td style=\"text-align: center;\" width=\"192\">0438A000765 at\u00e9 0438A000950;<\/td>\n<td style=\"text-align: center;\" width=\"192\">Isento<\/td>\n<td style=\"text-align: center;\" width=\"192\">Implanta\u00e7\u00e3o Selo Eletr\u00f4nico<\/td>\n<\/tr>\n<tr>\n<td style=\"text-align: center;\" width=\"192\">0438B000001 at\u00e9 0438B006000.<\/td>\n<td style=\"text-align: center;\" width=\"192\">Isento<\/td>\n<td style=\"text-align: center;\" width=\"192\">Implanta\u00e7\u00e3o Selo Eletr\u00f4nico<\/td>\n<\/tr>\n<\/tbody>\n<\/table>\n<p style=\"text-align: justify;\"><strong>RECOMENDO<\/strong> aos Ju\u00edzes de Direito Diretores dos F\u00f3runs, Membros do Minist\u00e9rio P\u00fablico, Advogados, Not\u00e1rios e Registradores, Serventu\u00e1rios e a quem mais possa interessar, que observem o Comunicado supra citado, e adotem as provid\u00eancias que entenderem pertinentes.<\/p>\n<p style=\"text-align: justify;\"><strong>Publique-se. Cumpra-se.<\/strong><\/p>\n<p style=\"text-align: justify;\">Vit\u00f3ria\/ES, 22 de agosto de 2013.<\/p>\n<p style=\"text-align: center;\"><strong>DES. CARLOS HENRIQUE RIOS DO AMARAL<br \/>\nCorregedor-Geral da Justi\u00e7a<\/strong><\/p>\n","protected":false},"excerpt":{"rendered":"<p>ESTADO DO ESP\u00cdRITO SANTO PODER JUDICI\u00c1RIO CORREGEDORIA GERAL DA JUSTI\u00c7A OF\u00cdCIO-CIRCULAR N\u00ba. 203\/2013 (Favor mencionar essa refer\u00eancia) Protocolo CGJ\/ES 2013.01.067.706 O Exmo. Sr. Desembargador Corregedor-Geral da Justi\u00e7a do Estado do Esp\u00edrito Santo, no uso de suas atribui\u00e7\u00f5es legais: CONSIDERANDO o recebimento do Of\u00edcio Circular n\u00ba 217 -CGJ da lavra da Excelent\u00edssima Desembargadora Corregedora- Geral da [&hellip;]<\/p>\n","protected":false},"author":3,"featured_media":0,"comment_status":"open","ping_status":"open","sticky":false,"template":"","format":"standard","meta":{"footnotes":""},"categories":[5],"tags":[],"_links":{"self":[{"href":"https:\/\/www.tjes.jus.br\/corregedoria\/wp-json\/wp\/v2\/posts\/21075"}],"collection":[{"href":"https:\/\/www.tjes.jus.br\/corregedoria\/wp-json\/wp\/v2\/posts"}],"about":[{"href":"https:\/\/www.tjes.jus.br\/corregedoria\/wp-json\/wp\/v2\/types\/post"}],"author":[{"embeddable":true,"href":"https:\/\/www.tjes.jus.br\/corregedoria\/wp-json\/wp\/v2\/users\/3"}],"replies":[{"embeddable":true,"href":"https:\/\/www.tjes.jus.br\/corregedoria\/wp-json\/wp\/v2\/comments?post=21075"}],"version-history":[{"count":1,"href":"https:\/\/www.tjes.jus.br\/corregedoria\/wp-json\/wp\/v2\/posts\/21075\/revisions"}],"predecessor-version":[{"id":21076,"href":"https:\/\/www.tjes.jus.br\/corregedoria\/wp-json\/wp\/v2\/posts\/21075\/revisions\/21076"}],"wp:attachment":[{"href":"https:\/\/www.tjes.jus.br\/corregedoria\/wp-json\/wp\/v2\/media?parent=21075"}],"wp:term":[{"taxonomy":"category","embeddable":true,"href":"https:\/\/www.tjes.jus.br\/corregedoria\/wp-json\/wp\/v2\/categories?post=21075"},{"taxonomy":"post_tag","embeddable":true,"href":"https:\/\/www.tjes.jus.br\/corregedoria\/wp-json\/wp\/v2\/tags?post=21075"}],"curies":[{"name":"wp","href":"https:\/\/api.w.org\/{rel}","templated":true}]}}