{"id":21096,"date":"2017-11-20T16:25:55","date_gmt":"2017-11-20T18:25:55","guid":{"rendered":"https:\/\/www.tjes.jus.br\/corregedoria\/?p=21096"},"modified":"2017-11-20T16:25:55","modified_gmt":"2017-11-20T18:25:55","slug":"ato-no-1052013-disp-27092013","status":"publish","type":"post","link":"https:\/\/www.tjes.jus.br\/corregedoria\/2017\/11\/20\/ato-no-1052013-disp-27092013\/","title":{"rendered":"ATO N\u00ba 105\/2013 &#8211; DISP. 27\/09\/2013"},"content":{"rendered":"<p style=\"text-align: center;\"><strong>ESTADO DO ESP\u00cdRITO SANTO<\/strong><\/p>\n<p style=\"text-align: center;\"><strong>PODER JUDICI\u00c1RIO<\/strong><\/p>\n<p style=\"text-align: center;\"><strong>CORREGEDORIA GERAL DO ESTADO<\/strong><\/p>\n<p style=\"text-align: center;\"><strong>ATO N\u00ba 105\/2013<\/strong><\/p>\n<p style=\"text-align: justify;\">A EXM\u00aa. SRA. DESEMBARGADORA CORREGEDORA-GERAL DA JUSTI\u00c7A EM EXERC\u00cdCIO DO ESTADO DO ESP\u00cdRITO SANTO, USANDO DE ATRIBUI\u00c7\u00c3O LEGAL E DE ACORDO COM DECIS\u00c3O EXARADA NO PROCESSO ADMINISTRATIVO DISCIPLINAR N\u00ba. 2012.00.767.558 DESTA CORREGEDORIA GERAL DA JUSTI\u00c7A<\/p>\n<p style=\"text-align: justify;\"><strong>RESOLVE:<\/strong><\/p>\n<p style=\"text-align: justify;\">Aplicar a pena de Suspens\u00e3o por 90 (noventa) dias ao Oficial e Tabeli\u00e3o interino do Cart\u00f3rio do Registro Civil e Tabelionato do Distrito de Monte Sinai, Comarca de Barra de S\u00e3o Francisco, Sr. LUCIANO BATISTA MUNIZ, com fundamento no artigo 32, III, combinado com o artigo 33, III, da Lei Federal n\u00ba. 8935\/94.<\/p>\n<p style=\"text-align: justify;\"><strong>Publique-se.<\/strong><\/p>\n<p style=\"text-align: justify;\">Vit\u00f3ria-ES, 23 de setembro de 2013.<\/p>\n<p style=\"text-align: center;\"><strong>DES.\u00aa CATHARINA MARIA NOVAES BARCELLOS<br \/>\nCorregedora-Geral da Justi\u00e7a em exerc\u00edcio<\/strong><\/p>\n","protected":false},"excerpt":{"rendered":"<p>ESTADO DO ESP\u00cdRITO SANTO PODER JUDICI\u00c1RIO CORREGEDORIA GERAL DO ESTADO ATO N\u00ba 105\/2013 A EXM\u00aa. SRA. DESEMBARGADORA CORREGEDORA-GERAL DA JUSTI\u00c7A EM EXERC\u00cdCIO DO ESTADO DO ESP\u00cdRITO SANTO, USANDO DE ATRIBUI\u00c7\u00c3O LEGAL E DE ACORDO COM DECIS\u00c3O EXARADA NO PROCESSO ADMINISTRATIVO DISCIPLINAR N\u00ba. 2012.00.767.558 DESTA CORREGEDORIA GERAL DA JUSTI\u00c7A RESOLVE: Aplicar a pena de Suspens\u00e3o por [&hellip;]<\/p>\n","protected":false},"author":3,"featured_media":0,"comment_status":"open","ping_status":"open","sticky":false,"template":"","format":"standard","meta":{"footnotes":""},"categories":[18],"tags":[],"_links":{"self":[{"href":"https:\/\/www.tjes.jus.br\/corregedoria\/wp-json\/wp\/v2\/posts\/21096"}],"collection":[{"href":"https:\/\/www.tjes.jus.br\/corregedoria\/wp-json\/wp\/v2\/posts"}],"about":[{"href":"https:\/\/www.tjes.jus.br\/corregedoria\/wp-json\/wp\/v2\/types\/post"}],"author":[{"embeddable":true,"href":"https:\/\/www.tjes.jus.br\/corregedoria\/wp-json\/wp\/v2\/users\/3"}],"replies":[{"embeddable":true,"href":"https:\/\/www.tjes.jus.br\/corregedoria\/wp-json\/wp\/v2\/comments?post=21096"}],"version-history":[{"count":1,"href":"https:\/\/www.tjes.jus.br\/corregedoria\/wp-json\/wp\/v2\/posts\/21096\/revisions"}],"predecessor-version":[{"id":21097,"href":"https:\/\/www.tjes.jus.br\/corregedoria\/wp-json\/wp\/v2\/posts\/21096\/revisions\/21097"}],"wp:attachment":[{"href":"https:\/\/www.tjes.jus.br\/corregedoria\/wp-json\/wp\/v2\/media?parent=21096"}],"wp:term":[{"taxonomy":"category","embeddable":true,"href":"https:\/\/www.tjes.jus.br\/corregedoria\/wp-json\/wp\/v2\/categories?post=21096"},{"taxonomy":"post_tag","embeddable":true,"href":"https:\/\/www.tjes.jus.br\/corregedoria\/wp-json\/wp\/v2\/tags?post=21096"}],"curies":[{"name":"wp","href":"https:\/\/api.w.org\/{rel}","templated":true}]}}