{"id":21099,"date":"2017-11-20T16:31:41","date_gmt":"2017-11-20T18:31:41","guid":{"rendered":"https:\/\/www.tjes.jus.br\/corregedoria\/?p=21099"},"modified":"2017-11-20T16:31:41","modified_gmt":"2017-11-20T18:31:41","slug":"ato-no-1062013-disp-03102013","status":"publish","type":"post","link":"https:\/\/www.tjes.jus.br\/corregedoria\/2017\/11\/20\/ato-no-1062013-disp-03102013\/","title":{"rendered":"ATO N\u00ba 106\/2013 &#8211; DISP. 03\/10\/2013"},"content":{"rendered":"<p style=\"text-align: center;\" align=\"center\"><strong>ESTADO DO ESP\u00cdRITO SANTO<\/strong><\/p>\n<p style=\"text-align: center;\" align=\"center\"><strong>PODER JUDICI\u00c1RIO<\/strong><\/p>\n<p style=\"text-align: center;\" align=\"center\"><strong>CORREGEDORIA GERAL DO ESTADO<\/strong><\/p>\n<p style=\"text-align: center;\" align=\"center\"><strong>ATO N\u00ba 106\/2013<\/strong><\/p>\n<p style=\"text-align: justify;\"><strong>A EXM\u00aa. SRA. DESEMBARGADORA CORREGEDORA &#8211; GERAL DA JUSTI\u00c7A DO ESTADO DO ESP\u00cdRITO SANTO, EM EXERC\u00cdCIO, USANDO DE ATRIBUI\u00c7\u00c3O LEGAL E DE ACORDO COM DECIS\u00c3O EXARADA NO PROCESSO ADMINISTRATIVO DISCIPLINAR N\u00ba. 2013.01.010.023 DESTA CORREGEDORIA GERAL DA JUSTI\u00c7A<\/strong><\/p>\n<p style=\"text-align: justify;\"><strong>RESOLVE:<\/strong><\/p>\n<p style=\"text-align: justify;\">Declarar vaga a serventia extrajudicial do Registro Civil e Tabelionato do Distrito de Novo Brasil, Comarca de Colatina, de acordo com o art. 39, inc. I e \u00a7 2\u00ba da Lei Federal 8.935\/94.<\/p>\n<p style=\"text-align: justify;\"><strong>Publique-se.<\/strong><\/p>\n<p style=\"text-align: justify;\"><strong>Vit\u00f3ria-ES, 24 de setembro de 2013.<\/strong><\/p>\n<p style=\"text-align: center;\" align=\"center\"><strong>DES.\u00aa CATHARINA MARIA NOVAES BARCELLOS<br \/>\nCorregedora &#8211; Geral da Justi\u00e7a em exerc\u00edcio<\/strong><\/p>\n","protected":false},"excerpt":{"rendered":"<p>ESTADO DO ESP\u00cdRITO SANTO PODER JUDICI\u00c1RIO CORREGEDORIA GERAL DO ESTADO ATO N\u00ba 106\/2013 A EXM\u00aa. SRA. DESEMBARGADORA CORREGEDORA &#8211; GERAL DA JUSTI\u00c7A DO ESTADO DO ESP\u00cdRITO SANTO, EM EXERC\u00cdCIO, USANDO DE ATRIBUI\u00c7\u00c3O LEGAL E DE ACORDO COM DECIS\u00c3O EXARADA NO PROCESSO ADMINISTRATIVO DISCIPLINAR N\u00ba. 2013.01.010.023 DESTA CORREGEDORIA GERAL DA JUSTI\u00c7A RESOLVE: Declarar vaga a serventia [&hellip;]<\/p>\n","protected":false},"author":3,"featured_media":0,"comment_status":"open","ping_status":"open","sticky":false,"template":"","format":"standard","meta":{"footnotes":""},"categories":[18],"tags":[],"_links":{"self":[{"href":"https:\/\/www.tjes.jus.br\/corregedoria\/wp-json\/wp\/v2\/posts\/21099"}],"collection":[{"href":"https:\/\/www.tjes.jus.br\/corregedoria\/wp-json\/wp\/v2\/posts"}],"about":[{"href":"https:\/\/www.tjes.jus.br\/corregedoria\/wp-json\/wp\/v2\/types\/post"}],"author":[{"embeddable":true,"href":"https:\/\/www.tjes.jus.br\/corregedoria\/wp-json\/wp\/v2\/users\/3"}],"replies":[{"embeddable":true,"href":"https:\/\/www.tjes.jus.br\/corregedoria\/wp-json\/wp\/v2\/comments?post=21099"}],"version-history":[{"count":1,"href":"https:\/\/www.tjes.jus.br\/corregedoria\/wp-json\/wp\/v2\/posts\/21099\/revisions"}],"predecessor-version":[{"id":21100,"href":"https:\/\/www.tjes.jus.br\/corregedoria\/wp-json\/wp\/v2\/posts\/21099\/revisions\/21100"}],"wp:attachment":[{"href":"https:\/\/www.tjes.jus.br\/corregedoria\/wp-json\/wp\/v2\/media?parent=21099"}],"wp:term":[{"taxonomy":"category","embeddable":true,"href":"https:\/\/www.tjes.jus.br\/corregedoria\/wp-json\/wp\/v2\/categories?post=21099"},{"taxonomy":"post_tag","embeddable":true,"href":"https:\/\/www.tjes.jus.br\/corregedoria\/wp-json\/wp\/v2\/tags?post=21099"}],"curies":[{"name":"wp","href":"https:\/\/api.w.org\/{rel}","templated":true}]}}