{"id":21149,"date":"2017-11-22T15:05:05","date_gmt":"2017-11-22T17:05:05","guid":{"rendered":"https:\/\/www.tjes.jus.br\/corregedoria\/?p=21149"},"modified":"2017-11-22T15:05:05","modified_gmt":"2017-11-22T17:05:05","slug":"ato-no-1162013-disp-18112013","status":"publish","type":"post","link":"https:\/\/www.tjes.jus.br\/corregedoria\/2017\/11\/22\/ato-no-1162013-disp-18112013\/","title":{"rendered":"ATO N\u00ba 116\/2013 &#8211; DISP. 18\/11\/2013"},"content":{"rendered":"<p style=\"text-align: center;\"><strong>CORREGEDORIA GERAL DA JUSTI\u00c7A<\/strong><\/p>\n<p style=\"text-align: center;\"><strong>PODER JUDICI\u00c1RIO<\/strong><\/p>\n<p style=\"text-align: center;\"><strong>ESTADO DO ESP\u00cdRITO SANTO<\/strong><\/p>\n<p style=\"text-align: center;\"><strong>Coordenadoria de Monitoramento do Foro Judicial e Extrajudicial<\/strong><\/p>\n<p style=\"text-align: center;\"><strong>ATO N\u00ba 116\/2013<\/strong><\/p>\n<p style=\"text-align: justify;\">O Desembargador CARLOS HENRIQUE RIOS DO AMARAL, Corregedor Geral da Justi\u00e7a do Estado do Esp\u00edrito Santo, no uso de suas atribui\u00e7\u00f5es legais e, em atendimento ao disposto no art. 60, inciso XI do Regimento Interno do TJES (Resolu\u00e7\u00e3o N\u00ba 15\/95), <strong>resolve<\/strong>:<\/p>\n<p style=\"text-align: justify;\"><strong>Cessar os efeitos<\/strong> do <a href=\"https:\/\/www.tjes.jus.br\/corregedoria\/2017\/11\/22\/ato-no-072012-disp-27032012\/\" target=\"_blank\" rel=\"noopener\">ato n\u00ba 07\/2012<\/a>, publicado no \u201cDJ\u201d do dia 27\/03\/2007, que designou a <strong>Sra. ANNA MARIA ALMEIDA NARDOTO<\/strong>, para responder em car\u00e1ter prec\u00e1rio e interinamente, em confian\u00e7a do p\u00fablico, pelo cart\u00f3rio de Registro Civil e Tabelionato do Distrito de Ur\u00e2nia \u2013 Comarca de Alfredo Chaves\/ES, <strong>a partir de 02\/07\/2012<\/strong>, conforme R. decis\u00e3o nos autos do processo n\u00ba 2012.00.796.016 ( 0703218) desta Corregedoria Geral da justi\u00e7a.<\/p>\n<p style=\"text-align: justify;\"><strong>Publique-se.<\/strong><\/p>\n<p style=\"text-align: justify;\">Vit\u00f3ria-ES, 13 de novembro de 2013.<\/p>\n<p style=\"text-align: center;\"><strong>Desembargador CARLOS HENRIQUE RIOS DO AMARAL<br \/>\nCorregedor Geral da Justi\u00e7a<\/strong><\/p>\n","protected":false},"excerpt":{"rendered":"<p>CORREGEDORIA GERAL DA JUSTI\u00c7A PODER JUDICI\u00c1RIO ESTADO DO ESP\u00cdRITO SANTO Coordenadoria de Monitoramento do Foro Judicial e Extrajudicial ATO N\u00ba 116\/2013 O Desembargador CARLOS HENRIQUE RIOS DO AMARAL, Corregedor Geral da Justi\u00e7a do Estado do Esp\u00edrito Santo, no uso de suas atribui\u00e7\u00f5es legais e, em atendimento ao disposto no art. 60, inciso XI do Regimento [&hellip;]<\/p>\n","protected":false},"author":3,"featured_media":0,"comment_status":"open","ping_status":"open","sticky":false,"template":"","format":"standard","meta":{"footnotes":""},"categories":[18],"tags":[],"_links":{"self":[{"href":"https:\/\/www.tjes.jus.br\/corregedoria\/wp-json\/wp\/v2\/posts\/21149"}],"collection":[{"href":"https:\/\/www.tjes.jus.br\/corregedoria\/wp-json\/wp\/v2\/posts"}],"about":[{"href":"https:\/\/www.tjes.jus.br\/corregedoria\/wp-json\/wp\/v2\/types\/post"}],"author":[{"embeddable":true,"href":"https:\/\/www.tjes.jus.br\/corregedoria\/wp-json\/wp\/v2\/users\/3"}],"replies":[{"embeddable":true,"href":"https:\/\/www.tjes.jus.br\/corregedoria\/wp-json\/wp\/v2\/comments?post=21149"}],"version-history":[{"count":1,"href":"https:\/\/www.tjes.jus.br\/corregedoria\/wp-json\/wp\/v2\/posts\/21149\/revisions"}],"predecessor-version":[{"id":21154,"href":"https:\/\/www.tjes.jus.br\/corregedoria\/wp-json\/wp\/v2\/posts\/21149\/revisions\/21154"}],"wp:attachment":[{"href":"https:\/\/www.tjes.jus.br\/corregedoria\/wp-json\/wp\/v2\/media?parent=21149"}],"wp:term":[{"taxonomy":"category","embeddable":true,"href":"https:\/\/www.tjes.jus.br\/corregedoria\/wp-json\/wp\/v2\/categories?post=21149"},{"taxonomy":"post_tag","embeddable":true,"href":"https:\/\/www.tjes.jus.br\/corregedoria\/wp-json\/wp\/v2\/tags?post=21149"}],"curies":[{"name":"wp","href":"https:\/\/api.w.org\/{rel}","templated":true}]}}