{"id":21168,"date":"2017-11-22T15:44:30","date_gmt":"2017-11-22T17:44:30","guid":{"rendered":"https:\/\/www.tjes.jus.br\/corregedoria\/?p=21168"},"modified":"2017-11-22T15:44:30","modified_gmt":"2017-11-22T17:44:30","slug":"ato-no-1172013-disp-27112013","status":"publish","type":"post","link":"https:\/\/www.tjes.jus.br\/corregedoria\/2017\/11\/22\/ato-no-1172013-disp-27112013\/","title":{"rendered":"ATO N\u00ba 117\/2013 &#8211; DISP. 27\/11\/2013"},"content":{"rendered":"<p style=\"text-align: center;\"><strong>ESTADO DO ESP\u00cdRITO SANTO<\/strong><\/p>\n<p style=\"text-align: center;\"><strong>PODER JUDICI\u00c1RIO<\/strong><\/p>\n<p style=\"text-align: center;\"><strong>CORREGEDORIA-GERAL DA JUSTI\u00c7A<\/strong><\/p>\n<p style=\"text-align: center;\"><strong>ATO N\u00ba 117\/2013<\/strong><\/p>\n<p style=\"text-align: justify;\">O Excelent\u00edssimo Senhor Desembargador Corregedor-Geral da Justi\u00e7a, no uso de suas atribui\u00e7\u00f5es legais e em atendimento ao disposto no artigo 253 da Lei Complementar n\u00ba. 46\/94, no artigo 1301 do C\u00f3digo de Normas desta Corregedoria Geral da Justi\u00e7a e na r. Decis\u00e3o de fls. 292\/312, proferida nos autos do Procedimento n\u00ba. 2012.01.210.785, <strong>RESOLVE<\/strong> <strong>prorrogar o<\/strong> <strong>afastamento cautelar do exerc\u00edcio das fun\u00e7\u00f5es <\/strong>do servidor <strong>MOSHE DAYAN ROSA<\/strong>, analista judici\u00e1rio 01 &#8211; QS &#8211; oficial de justi\u00e7a avaliador da Diretoria do Foro da Comarca de Castelo-ES, <strong>pelo prazo de 60 (sessenta) dias<\/strong>, <strong>a partir de 28 de novembro de 2013.<\/strong><\/p>\n<p style=\"text-align: justify;\"><strong>Publique-se.<\/strong><\/p>\n<p style=\"text-align: justify;\">Vit\u00f3ria-ES, 26 de novembro de 2013.<\/p>\n<p style=\"text-align: center;\"><strong>DESEMBARGADOR CARLOS HENRIQUE RIOS DO AMARAL<br \/>\nCORREGEDOR-GERAL DA JUSTI\u00c7A<\/strong><\/p>\n","protected":false},"excerpt":{"rendered":"<p>ESTADO DO ESP\u00cdRITO SANTO PODER JUDICI\u00c1RIO CORREGEDORIA-GERAL DA JUSTI\u00c7A ATO N\u00ba 117\/2013 O Excelent\u00edssimo Senhor Desembargador Corregedor-Geral da Justi\u00e7a, no uso de suas atribui\u00e7\u00f5es legais e em atendimento ao disposto no artigo 253 da Lei Complementar n\u00ba. 46\/94, no artigo 1301 do C\u00f3digo de Normas desta Corregedoria Geral da Justi\u00e7a e na r. Decis\u00e3o de [&hellip;]<\/p>\n","protected":false},"author":3,"featured_media":0,"comment_status":"open","ping_status":"open","sticky":false,"template":"","format":"standard","meta":{"footnotes":""},"categories":[18],"tags":[],"_links":{"self":[{"href":"https:\/\/www.tjes.jus.br\/corregedoria\/wp-json\/wp\/v2\/posts\/21168"}],"collection":[{"href":"https:\/\/www.tjes.jus.br\/corregedoria\/wp-json\/wp\/v2\/posts"}],"about":[{"href":"https:\/\/www.tjes.jus.br\/corregedoria\/wp-json\/wp\/v2\/types\/post"}],"author":[{"embeddable":true,"href":"https:\/\/www.tjes.jus.br\/corregedoria\/wp-json\/wp\/v2\/users\/3"}],"replies":[{"embeddable":true,"href":"https:\/\/www.tjes.jus.br\/corregedoria\/wp-json\/wp\/v2\/comments?post=21168"}],"version-history":[{"count":1,"href":"https:\/\/www.tjes.jus.br\/corregedoria\/wp-json\/wp\/v2\/posts\/21168\/revisions"}],"predecessor-version":[{"id":21169,"href":"https:\/\/www.tjes.jus.br\/corregedoria\/wp-json\/wp\/v2\/posts\/21168\/revisions\/21169"}],"wp:attachment":[{"href":"https:\/\/www.tjes.jus.br\/corregedoria\/wp-json\/wp\/v2\/media?parent=21168"}],"wp:term":[{"taxonomy":"category","embeddable":true,"href":"https:\/\/www.tjes.jus.br\/corregedoria\/wp-json\/wp\/v2\/categories?post=21168"},{"taxonomy":"post_tag","embeddable":true,"href":"https:\/\/www.tjes.jus.br\/corregedoria\/wp-json\/wp\/v2\/tags?post=21168"}],"curies":[{"name":"wp","href":"https:\/\/api.w.org\/{rel}","templated":true}]}}