{"id":21279,"date":"2017-11-28T13:57:35","date_gmt":"2017-11-28T15:57:35","guid":{"rendered":"https:\/\/www.tjes.jus.br\/corregedoria\/?p=21279"},"modified":"2017-11-28T13:57:35","modified_gmt":"2017-11-28T15:57:35","slug":"ato-normativo-no-1972017-disp-28112017","status":"publish","type":"post","link":"https:\/\/www.tjes.jus.br\/corregedoria\/2017\/11\/28\/ato-normativo-no-1972017-disp-28112017\/","title":{"rendered":"ATO NORMATIVO N\u00ba 197\/2017 &#8211; DISP. 28\/11\/2017"},"content":{"rendered":"<p style=\"text-align: center;\"><strong>Poder Judici\u00e1rio do Estado do Esp\u00edrito Santo<\/strong><\/p>\n<p style=\"text-align: center;\"><strong>Tribunal de Justi\u00e7a<\/strong><\/p>\n<p style=\"text-align: center;\"><strong>Gabinete da Presid\u00eancia<\/strong><\/p>\n<p style=\"text-align: center;\"><strong>ATO NORMATIVO N\u00ba 197\/2017<\/strong><\/p>\n<p style=\"text-align: justify;\">O Excelent\u00edssimo Senhor Desembargador ANNIBAL DE REZENDE LIMA, Presidente do Egr\u00e9gio Tribunal de Justi\u00e7a do Estado do Esp\u00edrito Santo, no uso de suas atribui\u00e7\u00f5es legais e,<\/p>\n<p style=\"text-align: justify;\"><strong>CONSIDERANDO<\/strong> o disposto na <a href=\"https:\/\/www.tjes.jus.br\/corregedoria\/2016\/09\/14\/resolucao-cnj-no-185-de-18122013\/\" target=\"_blank\" rel=\"noopener\">Resolu\u00e7\u00e3o n\u00ba 185\/2013<\/a>, do Colendo Conselho Nacional de Justi\u00e7a, que instituiu o sistema Processo Judicial eletr\u00f4nico \u2013 PJe, estabelecendo regras para a implanta\u00e7\u00e3o do mesmo;<\/p>\n<p style=\"text-align: justify;\"><strong>CONSIDERANDO<\/strong> o Poder Judici\u00e1rio do Estado do Esp\u00edrito Santo adotou o sistema Processo Judicial eletr\u00f4nico \u2013 PJe como sistema informatizado de tramita\u00e7\u00e3o de processo judicial, a teor da <a href=\"https:\/\/www.tjes.jus.br\/corregedoria\/2016\/07\/05\/resolucao-no-192014-disp-11042014\/\" target=\"_blank\" rel=\"noopener\">Resolu\u00e7\u00e3o n\u00ba 19\/2014<\/a>, de 11\/04\/2014;<\/p>\n<p style=\"text-align: justify;\"><strong>CONSIDERANDO<\/strong> o cronograma de expans\u00e3o da implanta\u00e7\u00e3o do sistema Processo Judicial eletr\u00f4nico \u2013 PJe para o exerc\u00edcio de 2017, estabelecido mediante <a href=\"https:\/\/www.tjes.jus.br\/corregedoria\/2017\/07\/19\/ato-normativo-no-0822017-disp-17072017\/\" target=\"_blank\" rel=\"noopener\">Ato Normativo n\u00ba 082\/2017<\/a>, de 17 de Julho de 2017;<\/p>\n<p style=\"text-align: justify;\"><strong>RESOLVE<\/strong>:<\/p>\n<p style=\"text-align: justify;\"><strong>Art. 1\u00ba \u2013 DETERMINAR <\/strong>a implanta\u00e7\u00e3o do sistema Processo Judicial Eletr\u00f4nico \u2013 PJe na Comarca de Manten\u00f3polis, conforme segue:<\/p>\n<p style=\"text-align: justify;\">06\/12\/2017 \u2013 Unidade Judici\u00e1ria com compet\u00eancia em Juizado Especial C\u00edvel e Execu\u00e7\u00e3o Fiscal: Vara \u00danica<\/p>\n<p style=\"text-align: justify;\"><strong>Art. 2\u00ba <\/strong>\u2013 A partir da implanta\u00e7\u00e3o do sistema Processo Judicial Eletr\u00f4nico \u2013 PJe, fica afastado o peticionamento por outro meio nas Unidades Judici\u00e1rias acima especificadas, salvo exce\u00e7\u00f5es legais.<\/p>\n<p style=\"text-align: justify;\">1\u00ba \u2013 Tratando-se de peticionamentos, recursos e incidentes vinculados a processos que j\u00e1 tramitem nos demais sistemas judiciais, manter-se-\u00e1 a forma atual de procedimento, n\u00e3o sendo ajuizados no sistema Processo Judicial eletr\u00f4nico \u2013 PJe.<\/p>\n<p style=\"text-align: justify;\">2\u00ba \u2013 Fica proibido o peticionamento no sistema Processo Judicial eletr\u00f4nico \u2013 PJe de mat\u00e9ria diversa das compet\u00eancias especificadas no artigo 1\u00ba, deste Ato Normativo, ou que tramite em Unidade Judici\u00e1ria n\u00e3o implantada.<\/p>\n<p style=\"text-align: justify;\"><strong>Art. 3\u00ba <\/strong>\u2013 Este Ato Normativo entra em vigor na data de sua publica\u00e7\u00e3o, revogando-se as disposi\u00e7\u00f5es em contr\u00e1rio.<\/p>\n<p style=\"text-align: justify;\"><strong>Publique-se<\/strong> por 05 (cinco) dias consecutivos no Di\u00e1rio da Justi\u00e7a.<\/p>\n<p style=\"text-align: justify;\">Vit\u00f3ria, 27 de Novembro de 2017.<\/p>\n<p style=\"text-align: center;\"><strong>Des. ANNIBAL DE REZENDE LIMA<br \/>\nPresidente<\/strong><\/p>\n","protected":false},"excerpt":{"rendered":"<p>Poder Judici\u00e1rio do Estado do Esp\u00edrito Santo Tribunal de Justi\u00e7a Gabinete da Presid\u00eancia ATO NORMATIVO N\u00ba 197\/2017 O Excelent\u00edssimo Senhor Desembargador ANNIBAL DE REZENDE LIMA, Presidente do Egr\u00e9gio Tribunal de Justi\u00e7a do Estado do Esp\u00edrito Santo, no uso de suas atribui\u00e7\u00f5es legais e, CONSIDERANDO o disposto na Resolu\u00e7\u00e3o n\u00ba 185\/2013, do Colendo Conselho Nacional de [&hellip;]<\/p>\n","protected":false},"author":3,"featured_media":0,"comment_status":"open","ping_status":"open","sticky":false,"template":"","format":"standard","meta":{"footnotes":""},"categories":[4],"tags":[],"_links":{"self":[{"href":"https:\/\/www.tjes.jus.br\/corregedoria\/wp-json\/wp\/v2\/posts\/21279"}],"collection":[{"href":"https:\/\/www.tjes.jus.br\/corregedoria\/wp-json\/wp\/v2\/posts"}],"about":[{"href":"https:\/\/www.tjes.jus.br\/corregedoria\/wp-json\/wp\/v2\/types\/post"}],"author":[{"embeddable":true,"href":"https:\/\/www.tjes.jus.br\/corregedoria\/wp-json\/wp\/v2\/users\/3"}],"replies":[{"embeddable":true,"href":"https:\/\/www.tjes.jus.br\/corregedoria\/wp-json\/wp\/v2\/comments?post=21279"}],"version-history":[{"count":1,"href":"https:\/\/www.tjes.jus.br\/corregedoria\/wp-json\/wp\/v2\/posts\/21279\/revisions"}],"predecessor-version":[{"id":21280,"href":"https:\/\/www.tjes.jus.br\/corregedoria\/wp-json\/wp\/v2\/posts\/21279\/revisions\/21280"}],"wp:attachment":[{"href":"https:\/\/www.tjes.jus.br\/corregedoria\/wp-json\/wp\/v2\/media?parent=21279"}],"wp:term":[{"taxonomy":"category","embeddable":true,"href":"https:\/\/www.tjes.jus.br\/corregedoria\/wp-json\/wp\/v2\/categories?post=21279"},{"taxonomy":"post_tag","embeddable":true,"href":"https:\/\/www.tjes.jus.br\/corregedoria\/wp-json\/wp\/v2\/tags?post=21279"}],"curies":[{"name":"wp","href":"https:\/\/api.w.org\/{rel}","templated":true}]}}