{"id":21293,"date":"2017-11-29T12:31:24","date_gmt":"2017-11-29T14:31:24","guid":{"rendered":"https:\/\/www.tjes.jus.br\/corregedoria\/?p=21293"},"modified":"2017-11-29T12:31:24","modified_gmt":"2017-11-29T14:31:24","slug":"oficio-circular-no-1462017-disp-29112017","status":"publish","type":"post","link":"https:\/\/www.tjes.jus.br\/corregedoria\/2017\/11\/29\/oficio-circular-no-1462017-disp-29112017\/","title":{"rendered":"OF\u00cdCIO-CIRCULAR N\u00ba 146\/2017 &#8211; DISP. 29\/11\/2017"},"content":{"rendered":"<p style=\"text-align: center;\"><strong>ESTADO DO ESP\u00cdRITO SANTO<\/strong><\/p>\n<p style=\"text-align: center;\"><strong>PODER JUDICI\u00c1RIO<\/strong><\/p>\n<p style=\"text-align: center;\"><strong>CORREGEDORIA GERAL DA JUSTI\u00c7A<\/strong><\/p>\n<p style=\"text-align: center;\"><strong>OF\u00cdCIO-CIRCULAR N\u00ba 146\/2017<\/strong><\/p>\n<p style=\"text-align: center;\"><strong>Protocolo 2017.01.633.012<\/strong><\/p>\n<p style=\"text-align: justify;\">O Desembargador Corregedor-Geral da Justi\u00e7a do Estado do Esp\u00edrito Santo, no uso de suas atribui\u00e7\u00f5es legais:<\/p>\n<p style=\"text-align: justify;\"><strong>CONSIDERANDO<\/strong> o recebimento dos comunicados protocolizados nesta Corregedoria sob o n\u00ba <strong>2017.01.633.012<\/strong>, da Corregedoria Geral da Justi\u00e7a do Estado de S\u00e3o Paulo\/SP;<\/p>\n<p style=\"text-align: justify;\"><strong>CONSIDERANDO <\/strong>que os referidos comunicados informam sobre a ocorr\u00eancia de falsifica\u00e7\u00e3o, roubo, furto, extravio, danifica\u00e7\u00e3o e reutiliza\u00e7\u00e3o de selos, cart\u00f5es de assinatura e pap\u00e9is de seguran\u00e7a, conforme consta em anexo.<\/p>\n<p style=\"text-align: justify;\"><strong>RECOMENDA<\/strong> aos Ju\u00edzes de Direito Diretores dos F\u00f3runs, Membros do Minist\u00e9rio P\u00fablico, Advogados, Not\u00e1rios e Registradores, Serventu\u00e1rios e a quem mais possa interessar, que observem os comunicados em anexo, e adotem as provid\u00eancias que entenderem pertinentes.<\/p>\n<p style=\"text-align: justify;\"><strong>Publique-se. Cumpra-se.<\/strong><\/p>\n<p style=\"text-align: justify;\">Vit\u00f3ria\/ES, 23 de novembro de 2017.<\/p>\n<p style=\"text-align: center;\"><strong>DES. RONALDO GON\u00c7ALVES DE SOUSA<br \/>\nCorregedor Geral da Justi\u00e7a<\/strong><\/p>\n<p style=\"text-align: center;\"><strong><a href=\"https:\/\/www.tjes.jus.br\/corregedoria\/wp-content\/uploads\/2017\/11\/Oficio_Circular_146-2017_Anexo.pdf\">ANEXO &#8211; CLIQUE AQUI<\/a><\/strong><\/p>\n","protected":false},"excerpt":{"rendered":"<p>ESTADO DO ESP\u00cdRITO SANTO PODER JUDICI\u00c1RIO CORREGEDORIA GERAL DA JUSTI\u00c7A OF\u00cdCIO-CIRCULAR N\u00ba 146\/2017 Protocolo 2017.01.633.012 O Desembargador Corregedor-Geral da Justi\u00e7a do Estado do Esp\u00edrito Santo, no uso de suas atribui\u00e7\u00f5es legais: CONSIDERANDO o recebimento dos comunicados protocolizados nesta Corregedoria sob o n\u00ba 2017.01.633.012, da Corregedoria Geral da Justi\u00e7a do Estado de S\u00e3o Paulo\/SP; CONSIDERANDO que [&hellip;]<\/p>\n","protected":false},"author":3,"featured_media":0,"comment_status":"open","ping_status":"open","sticky":false,"template":"","format":"standard","meta":{"footnotes":""},"categories":[5],"tags":[],"_links":{"self":[{"href":"https:\/\/www.tjes.jus.br\/corregedoria\/wp-json\/wp\/v2\/posts\/21293"}],"collection":[{"href":"https:\/\/www.tjes.jus.br\/corregedoria\/wp-json\/wp\/v2\/posts"}],"about":[{"href":"https:\/\/www.tjes.jus.br\/corregedoria\/wp-json\/wp\/v2\/types\/post"}],"author":[{"embeddable":true,"href":"https:\/\/www.tjes.jus.br\/corregedoria\/wp-json\/wp\/v2\/users\/3"}],"replies":[{"embeddable":true,"href":"https:\/\/www.tjes.jus.br\/corregedoria\/wp-json\/wp\/v2\/comments?post=21293"}],"version-history":[{"count":1,"href":"https:\/\/www.tjes.jus.br\/corregedoria\/wp-json\/wp\/v2\/posts\/21293\/revisions"}],"predecessor-version":[{"id":21295,"href":"https:\/\/www.tjes.jus.br\/corregedoria\/wp-json\/wp\/v2\/posts\/21293\/revisions\/21295"}],"wp:attachment":[{"href":"https:\/\/www.tjes.jus.br\/corregedoria\/wp-json\/wp\/v2\/media?parent=21293"}],"wp:term":[{"taxonomy":"category","embeddable":true,"href":"https:\/\/www.tjes.jus.br\/corregedoria\/wp-json\/wp\/v2\/categories?post=21293"},{"taxonomy":"post_tag","embeddable":true,"href":"https:\/\/www.tjes.jus.br\/corregedoria\/wp-json\/wp\/v2\/tags?post=21293"}],"curies":[{"name":"wp","href":"https:\/\/api.w.org\/{rel}","templated":true}]}}