{"id":21312,"date":"2017-11-29T13:09:42","date_gmt":"2017-11-29T15:09:42","guid":{"rendered":"https:\/\/www.tjes.jus.br\/corregedoria\/?p=21312"},"modified":"2017-11-29T13:09:42","modified_gmt":"2017-11-29T15:09:42","slug":"ato-normativo-no-2022017-disp-29112017","status":"publish","type":"post","link":"https:\/\/www.tjes.jus.br\/corregedoria\/2017\/11\/29\/ato-normativo-no-2022017-disp-29112017\/","title":{"rendered":"ATO NORMATIVO N\u00ba 202\/2017 &#8211; DISP. 29\/11\/2017"},"content":{"rendered":"<p style=\"text-align: center;\"><strong>ESTADO DO ESP\u00cdRITO SANTO<\/strong><\/p>\n<p style=\"text-align: center;\"><strong>PODER JUDICI\u00c1RIO<\/strong><\/p>\n<p style=\"text-align: center;\"><strong>TRIBUNAL DE JUSTI\u00c7A<\/strong><\/p>\n<p style=\"text-align: center;\"><strong>GABINETE DA PRESID\u00caNCIA<\/strong><\/p>\n<p style=\"text-align: center;\"><strong>ATO NORMATIVO N\u00ba 202\/2017<\/strong><\/p>\n<p style=\"text-align: justify;\">O Excelent\u00edssimo Senhor Desembargador Annibal de Rezende Lima, Presidente do Egr\u00e9gio Tribunal de Justi\u00e7a do Estado do Esp\u00edrito Santo, no uso de suas atribui\u00e7\u00f5es legais e,<\/p>\n<p style=\"text-align: justify;\"><strong>CONSIDERANDO<\/strong> o teor do expediente protocolado neste Egr\u00e9gio Tribunal de Justi\u00e7a sob o n\u00famero 2017.01.744.710, subscrito pela Exm\u00aa. Sr\u00aa. Dr\u00aa. Maria Nazareth Caldonazzi de F. Cortes, MM\u00aa. Ju\u00edza de Direito do 3\u00ba Juizado Especial Criminal e da Fazenda P\u00fablica do Ju\u00edzo de Vit\u00f3ria, que comunica a mudan\u00e7a, para outro im\u00f3vel, da referida unidade judici\u00e1ria, inviabilizando, assim, o regular desempenho das atividades forenses;<\/p>\n<p style=\"text-align: justify;\"><strong>RESOLVE<\/strong>:<\/p>\n<p style=\"text-align: justify;\"><strong>DETERMINAR<\/strong> a suspens\u00e3o do atendimento ao p\u00fablico, bem como dos atos e prazos processuais no 3\u00ba Juizado Especial Criminal e da Fazenda P\u00fablica do Ju\u00edzo de Vit\u00f3ria, no per\u00edodo compreendido entre 29 de Novembro a 07 de Dezembro de 2017, ressalvando-se, contudo, a aprecia\u00e7\u00e3o das medidas urgentes, que dever\u00e1 ser realizada nos termos das Resolu\u00e7\u00f5es n\u00bas. <a href=\"https:\/\/www.tjes.jus.br\/corregedoria\/2017\/02\/22\/resolucao-no-482012-publ-em-25102012-republicada\/\" target=\"_blank\" rel=\"noopener\">048\/2012<\/a> e <a href=\"https:\/\/www.tjes.jus.br\/corregedoria\/2017\/05\/15\/resolucao-no-152017-disp-15052017\/\" target=\"_blank\" rel=\"noopener\">015\/2017<\/a>, ambas deste Egr\u00e9gio Tribunal de Justi\u00e7a.<\/p>\n<p style=\"text-align: justify;\">Vit\u00f3ria, 28 de Novembro de 2017.<\/p>\n<p style=\"text-align: center;\"><strong>Des. Annibal de Rezende Lima<br \/>\nPresidente<\/strong><\/p>\n","protected":false},"excerpt":{"rendered":"<p>ESTADO DO ESP\u00cdRITO SANTO PODER JUDICI\u00c1RIO TRIBUNAL DE JUSTI\u00c7A GABINETE DA PRESID\u00caNCIA ATO NORMATIVO N\u00ba 202\/2017 O Excelent\u00edssimo Senhor Desembargador Annibal de Rezende Lima, Presidente do Egr\u00e9gio Tribunal de Justi\u00e7a do Estado do Esp\u00edrito Santo, no uso de suas atribui\u00e7\u00f5es legais e, CONSIDERANDO o teor do expediente protocolado neste Egr\u00e9gio Tribunal de Justi\u00e7a sob o [&hellip;]<\/p>\n","protected":false},"author":3,"featured_media":0,"comment_status":"open","ping_status":"open","sticky":false,"template":"","format":"standard","meta":{"footnotes":""},"categories":[4],"tags":[],"_links":{"self":[{"href":"https:\/\/www.tjes.jus.br\/corregedoria\/wp-json\/wp\/v2\/posts\/21312"}],"collection":[{"href":"https:\/\/www.tjes.jus.br\/corregedoria\/wp-json\/wp\/v2\/posts"}],"about":[{"href":"https:\/\/www.tjes.jus.br\/corregedoria\/wp-json\/wp\/v2\/types\/post"}],"author":[{"embeddable":true,"href":"https:\/\/www.tjes.jus.br\/corregedoria\/wp-json\/wp\/v2\/users\/3"}],"replies":[{"embeddable":true,"href":"https:\/\/www.tjes.jus.br\/corregedoria\/wp-json\/wp\/v2\/comments?post=21312"}],"version-history":[{"count":1,"href":"https:\/\/www.tjes.jus.br\/corregedoria\/wp-json\/wp\/v2\/posts\/21312\/revisions"}],"predecessor-version":[{"id":21313,"href":"https:\/\/www.tjes.jus.br\/corregedoria\/wp-json\/wp\/v2\/posts\/21312\/revisions\/21313"}],"wp:attachment":[{"href":"https:\/\/www.tjes.jus.br\/corregedoria\/wp-json\/wp\/v2\/media?parent=21312"}],"wp:term":[{"taxonomy":"category","embeddable":true,"href":"https:\/\/www.tjes.jus.br\/corregedoria\/wp-json\/wp\/v2\/categories?post=21312"},{"taxonomy":"post_tag","embeddable":true,"href":"https:\/\/www.tjes.jus.br\/corregedoria\/wp-json\/wp\/v2\/tags?post=21312"}],"curies":[{"name":"wp","href":"https:\/\/api.w.org\/{rel}","templated":true}]}}