{"id":21317,"date":"2017-11-30T08:33:55","date_gmt":"2017-11-30T10:33:55","guid":{"rendered":"https:\/\/www.tjes.jus.br\/corregedoria\/?p=21317"},"modified":"2017-11-30T08:33:55","modified_gmt":"2017-11-30T10:33:55","slug":"resolucao-no-302017-disp-30112017","status":"publish","type":"post","link":"https:\/\/www.tjes.jus.br\/corregedoria\/2017\/11\/30\/resolucao-no-302017-disp-30112017\/","title":{"rendered":"RESOLU\u00c7\u00c3O N\u00ba 30\/2017 &#8211; DISP. 30\/11\/2017"},"content":{"rendered":"<p style=\"text-align: center;\"><strong>ESTADO DO ESP\u00cdRITO SANTO<\/strong><\/p>\n<p style=\"text-align: center;\"><strong>PODER JUDICI\u00c1RIO<\/strong><\/p>\n<p style=\"text-align: center;\"><strong>TRIBUNAL DE JUSTI\u00c7A<\/strong><\/p>\n<p style=\"text-align: center;\"><strong>RESOLU\u00c7\u00c3O N\u00ba 30\/2017<\/strong><\/p>\n<p style=\"text-align: justify;\">O Excelent\u00edssimo Senhor Desembargador ANNIBAL DE REZENDE LIMA, Presidente do Egr\u00e9gio Tribunal de Justi\u00e7a do Estado do Esp\u00edrito Santo, no uso de suas atribui\u00e7\u00f5es legais e regimentais,<\/p>\n<p style=\"text-align: justify;\"><strong>CONSIDERANDO<\/strong> decis\u00e3o un\u00e2nime do Egr\u00e9gio Tribunal Pleno acerca do Procedimento Administrativo n\u00ba 2017.01.652.142 , em sess\u00e3o administrativa realizada em 16\/11\/2017;<\/p>\n<p style=\"text-align: justify;\"><strong>RESOLVE<\/strong>:<\/p>\n<p style=\"text-align: justify;\"><strong>Art. 1\u00ba <\/strong>&#8211; Anular a <a href=\"https:\/\/www.tjes.jus.br\/corregedoria\/2016\/07\/05\/resolucao-no-122016-disp-23062016\/\" target=\"_blank\" rel=\"noopener\">Resolu\u00e7\u00e3o TJES n\u00ba 12\/2016<\/a>, de 22 de Junho de 2016, publicada no Di\u00e1rio do Poder Judici\u00e1rio do Estado do Esp\u00edrito Santo no dia 23\/06\/2016.<\/p>\n<p style=\"text-align: justify;\"><strong>Art. 2\u00ba <\/strong>&#8211; Esta Resolu\u00e7\u00e3o entra em vigor na data de sua publica\u00e7\u00e3o.<\/p>\n<p style=\"text-align: justify;\"><strong>Publique-se<\/strong>.<\/p>\n<p style=\"text-align: justify;\">Vit\u00f3ria, 27 de novembro de 2017,<\/p>\n<p style=\"text-align: center;\"><strong>Des. ANNIBAL DE REZENDE LIMA<br \/>\nPRESIDENTE<\/strong><\/p>\n","protected":false},"excerpt":{"rendered":"<p>ESTADO DO ESP\u00cdRITO SANTO PODER JUDICI\u00c1RIO TRIBUNAL DE JUSTI\u00c7A RESOLU\u00c7\u00c3O N\u00ba 30\/2017 O Excelent\u00edssimo Senhor Desembargador ANNIBAL DE REZENDE LIMA, Presidente do Egr\u00e9gio Tribunal de Justi\u00e7a do Estado do Esp\u00edrito Santo, no uso de suas atribui\u00e7\u00f5es legais e regimentais, CONSIDERANDO decis\u00e3o un\u00e2nime do Egr\u00e9gio Tribunal Pleno acerca do Procedimento Administrativo n\u00ba 2017.01.652.142 , em sess\u00e3o [&hellip;]<\/p>\n","protected":false},"author":3,"featured_media":0,"comment_status":"open","ping_status":"open","sticky":false,"template":"","format":"standard","meta":{"footnotes":""},"categories":[14,13],"tags":[],"_links":{"self":[{"href":"https:\/\/www.tjes.jus.br\/corregedoria\/wp-json\/wp\/v2\/posts\/21317"}],"collection":[{"href":"https:\/\/www.tjes.jus.br\/corregedoria\/wp-json\/wp\/v2\/posts"}],"about":[{"href":"https:\/\/www.tjes.jus.br\/corregedoria\/wp-json\/wp\/v2\/types\/post"}],"author":[{"embeddable":true,"href":"https:\/\/www.tjes.jus.br\/corregedoria\/wp-json\/wp\/v2\/users\/3"}],"replies":[{"embeddable":true,"href":"https:\/\/www.tjes.jus.br\/corregedoria\/wp-json\/wp\/v2\/comments?post=21317"}],"version-history":[{"count":1,"href":"https:\/\/www.tjes.jus.br\/corregedoria\/wp-json\/wp\/v2\/posts\/21317\/revisions"}],"predecessor-version":[{"id":21318,"href":"https:\/\/www.tjes.jus.br\/corregedoria\/wp-json\/wp\/v2\/posts\/21317\/revisions\/21318"}],"wp:attachment":[{"href":"https:\/\/www.tjes.jus.br\/corregedoria\/wp-json\/wp\/v2\/media?parent=21317"}],"wp:term":[{"taxonomy":"category","embeddable":true,"href":"https:\/\/www.tjes.jus.br\/corregedoria\/wp-json\/wp\/v2\/categories?post=21317"},{"taxonomy":"post_tag","embeddable":true,"href":"https:\/\/www.tjes.jus.br\/corregedoria\/wp-json\/wp\/v2\/tags?post=21317"}],"curies":[{"name":"wp","href":"https:\/\/api.w.org\/{rel}","templated":true}]}}