{"id":21332,"date":"2017-11-30T09:16:13","date_gmt":"2017-11-30T11:16:13","guid":{"rendered":"https:\/\/www.tjes.jus.br\/corregedoria\/?p=21332"},"modified":"2017-11-30T09:16:36","modified_gmt":"2017-11-30T11:16:36","slug":"ato-no-1092017-disp-30112017","status":"publish","type":"post","link":"https:\/\/www.tjes.jus.br\/corregedoria\/2017\/11\/30\/ato-no-1092017-disp-30112017\/","title":{"rendered":"ATO N\u00ba 109\/2017 &#8211; DISP. 30\/11\/2017"},"content":{"rendered":"<p style=\"text-align: center;\"><strong>CORREGEDORIA GERAL DA JUSTI\u00c7A<\/strong><\/p>\n<p style=\"text-align: center;\"><strong>PODER JUDICI\u00c1RIO<\/strong><\/p>\n<p style=\"text-align: center;\"><strong>ESTADO DO ESP\u00cdRITO SANTO<\/strong><\/p>\n<p style=\"text-align: center;\"><strong>ATO N\u00ba 109\/2017<\/strong><\/p>\n<p style=\"text-align: justify;\">O Desembargador RONALDO GON\u00c7ALVES DE SOUSA, Corregedor-Geral da Justi\u00e7a do Estado do Esp\u00edrito Santo, no uso de suas atribui\u00e7\u00f5es legais e de acordo com a r. Decis\u00e3o\/Of\u00edcio CMFE n\u00ba 1191\/2017 (fls. 463\/485), proferida nos autos do Processo Administrativo de Apura\u00e7\u00e3o por Quebra de Confian\u00e7a n\u00ba 2017.00.688.785, desta Corregedoria Geral da Justi\u00e7a.<\/p>\n<p style=\"text-align: justify;\"><strong>RESOLVE:<\/strong><\/p>\n<p style=\"text-align: justify;\"><strong>DESIGNAR<\/strong> o <strong>Sr. RODRIGO REIS CYRINO, <\/strong>Titular do Cart\u00f3rio do 2\u00ba Of\u00edcio (Tabelionato) da Comarca de Linhares\/ES (CNS 02.412-5), para responder em <strong>car\u00e1ter prec\u00e1rio<\/strong> e <strong>interinamente<\/strong>, em confian\u00e7a do Poder P\u00fablico, at\u00e9 ulterior provimento da titularidade do servi\u00e7o mediante investidura nos moldes constitucionais (CRFB\/1988, art. 236, \u00a7 3\u00ba), pelo Cart\u00f3rio do 3\u00ba Of\u00edcio (Tabelionato) da Comarca de Linhares\/ES (CNS 02.318-4).<\/p>\n<p style=\"text-align: justify;\"><strong>Publique-se.<\/strong><\/p>\n<p style=\"text-align: justify;\">Vit\u00f3ria-ES, 29 de novembro de 2017.<\/p>\n<p style=\"text-align: center;\"><strong>Desembargador RONALDO GON\u00c7ALVES DE SOUSA<br \/>\nCorregedor-Geral da Justi\u00e7a<\/strong><\/p>\n","protected":false},"excerpt":{"rendered":"<p>CORREGEDORIA GERAL DA JUSTI\u00c7A PODER JUDICI\u00c1RIO ESTADO DO ESP\u00cdRITO SANTO ATO N\u00ba 109\/2017 O Desembargador RONALDO GON\u00c7ALVES DE SOUSA, Corregedor-Geral da Justi\u00e7a do Estado do Esp\u00edrito Santo, no uso de suas atribui\u00e7\u00f5es legais e de acordo com a r. Decis\u00e3o\/Of\u00edcio CMFE n\u00ba 1191\/2017 (fls. 463\/485), proferida nos autos do Processo Administrativo de Apura\u00e7\u00e3o por Quebra [&hellip;]<\/p>\n","protected":false},"author":3,"featured_media":0,"comment_status":"open","ping_status":"open","sticky":false,"template":"","format":"standard","meta":{"footnotes":""},"categories":[18],"tags":[],"_links":{"self":[{"href":"https:\/\/www.tjes.jus.br\/corregedoria\/wp-json\/wp\/v2\/posts\/21332"}],"collection":[{"href":"https:\/\/www.tjes.jus.br\/corregedoria\/wp-json\/wp\/v2\/posts"}],"about":[{"href":"https:\/\/www.tjes.jus.br\/corregedoria\/wp-json\/wp\/v2\/types\/post"}],"author":[{"embeddable":true,"href":"https:\/\/www.tjes.jus.br\/corregedoria\/wp-json\/wp\/v2\/users\/3"}],"replies":[{"embeddable":true,"href":"https:\/\/www.tjes.jus.br\/corregedoria\/wp-json\/wp\/v2\/comments?post=21332"}],"version-history":[{"count":2,"href":"https:\/\/www.tjes.jus.br\/corregedoria\/wp-json\/wp\/v2\/posts\/21332\/revisions"}],"predecessor-version":[{"id":21334,"href":"https:\/\/www.tjes.jus.br\/corregedoria\/wp-json\/wp\/v2\/posts\/21332\/revisions\/21334"}],"wp:attachment":[{"href":"https:\/\/www.tjes.jus.br\/corregedoria\/wp-json\/wp\/v2\/media?parent=21332"}],"wp:term":[{"taxonomy":"category","embeddable":true,"href":"https:\/\/www.tjes.jus.br\/corregedoria\/wp-json\/wp\/v2\/categories?post=21332"},{"taxonomy":"post_tag","embeddable":true,"href":"https:\/\/www.tjes.jus.br\/corregedoria\/wp-json\/wp\/v2\/tags?post=21332"}],"curies":[{"name":"wp","href":"https:\/\/api.w.org\/{rel}","templated":true}]}}