{"id":21499,"date":"2017-12-07T14:55:36","date_gmt":"2017-12-07T16:55:36","guid":{"rendered":"https:\/\/www.tjes.jus.br\/corregedoria\/?p=21499"},"modified":"2017-12-07T14:55:36","modified_gmt":"2017-12-07T16:55:36","slug":"resolucao-no-442017-disp-07122017","status":"publish","type":"post","link":"https:\/\/www.tjes.jus.br\/corregedoria\/2017\/12\/07\/resolucao-no-442017-disp-07122017\/","title":{"rendered":"RESOLU\u00c7\u00c3O N\u00ba 44\/2017 &#8211; DISP. 07\/12\/2017"},"content":{"rendered":"<p style=\"text-align: center;\"><strong>ESTADO DO ESP\u00cdRITO SANTO<\/strong><\/p>\n<p style=\"text-align: center;\"><strong>PODER JUDICI\u00c1RIO<\/strong><\/p>\n<p style=\"text-align: center;\"><strong>TRIBUNAL DE JUSTI\u00c7A<\/strong><\/p>\n<p style=\"text-align: center;\"><strong>RESOLU\u00c7\u00c3O N\u00ba 44\/2017<\/strong><\/p>\n<p style=\"text-align: justify;\">O Exm\u00ba Sr. Desembargador ANNIBAL DE REZENDE LIMA, Presidente deste Egr\u00e9gio Tribunal de Justi\u00e7a, no uso de suas atribui\u00e7\u00f5es legais e regimentais e tendo em vista decis\u00e3o un\u00e2nime do Egr\u00e9gio Tribunal Pleno, em sess\u00e3o ordin\u00e1ria realizada no dia 05\/10\/2017,<\/p>\n<p style=\"text-align: justify;\"><strong>RESOLVE:<\/strong><\/p>\n<p style=\"text-align: justify;\"><strong>REMOVER<\/strong>, a pedido, a Exm\u00aa Sr\u00aa Des. ELISABETH LORDES da 3\u00aa C\u00e2mara C\u00edvel para a 1\u00aa C\u00e2mara Criminal deste Egr\u00e9gio Tribunal de Justi\u00e7a, a partir de 11 de dezembro de 2017.<\/p>\n<p style=\"text-align: justify;\"><strong>PUBLIQUE-SE<\/strong><\/p>\n<p style=\"text-align: justify;\">Vit\u00f3ria, 05 de outubro de 2017.<\/p>\n<p style=\"text-align: center;\"><strong>DES. ANNIBAL DE REZENDE LIMA<br \/>\nPRESIDENTE<\/strong><\/p>\n","protected":false},"excerpt":{"rendered":"<p>ESTADO DO ESP\u00cdRITO SANTO PODER JUDICI\u00c1RIO TRIBUNAL DE JUSTI\u00c7A RESOLU\u00c7\u00c3O N\u00ba 44\/2017 O Exm\u00ba Sr. Desembargador ANNIBAL DE REZENDE LIMA, Presidente deste Egr\u00e9gio Tribunal de Justi\u00e7a, no uso de suas atribui\u00e7\u00f5es legais e regimentais e tendo em vista decis\u00e3o un\u00e2nime do Egr\u00e9gio Tribunal Pleno, em sess\u00e3o ordin\u00e1ria realizada no dia 05\/10\/2017, RESOLVE: REMOVER, a pedido, [&hellip;]<\/p>\n","protected":false},"author":3,"featured_media":0,"comment_status":"open","ping_status":"open","sticky":false,"template":"","format":"standard","meta":{"footnotes":""},"categories":[13],"tags":[],"_links":{"self":[{"href":"https:\/\/www.tjes.jus.br\/corregedoria\/wp-json\/wp\/v2\/posts\/21499"}],"collection":[{"href":"https:\/\/www.tjes.jus.br\/corregedoria\/wp-json\/wp\/v2\/posts"}],"about":[{"href":"https:\/\/www.tjes.jus.br\/corregedoria\/wp-json\/wp\/v2\/types\/post"}],"author":[{"embeddable":true,"href":"https:\/\/www.tjes.jus.br\/corregedoria\/wp-json\/wp\/v2\/users\/3"}],"replies":[{"embeddable":true,"href":"https:\/\/www.tjes.jus.br\/corregedoria\/wp-json\/wp\/v2\/comments?post=21499"}],"version-history":[{"count":1,"href":"https:\/\/www.tjes.jus.br\/corregedoria\/wp-json\/wp\/v2\/posts\/21499\/revisions"}],"predecessor-version":[{"id":21500,"href":"https:\/\/www.tjes.jus.br\/corregedoria\/wp-json\/wp\/v2\/posts\/21499\/revisions\/21500"}],"wp:attachment":[{"href":"https:\/\/www.tjes.jus.br\/corregedoria\/wp-json\/wp\/v2\/media?parent=21499"}],"wp:term":[{"taxonomy":"category","embeddable":true,"href":"https:\/\/www.tjes.jus.br\/corregedoria\/wp-json\/wp\/v2\/categories?post=21499"},{"taxonomy":"post_tag","embeddable":true,"href":"https:\/\/www.tjes.jus.br\/corregedoria\/wp-json\/wp\/v2\/tags?post=21499"}],"curies":[{"name":"wp","href":"https:\/\/api.w.org\/{rel}","templated":true}]}}