{"id":21507,"date":"2017-12-07T14:58:30","date_gmt":"2017-12-07T16:58:30","guid":{"rendered":"https:\/\/www.tjes.jus.br\/corregedoria\/?p=21507"},"modified":"2017-12-07T14:58:30","modified_gmt":"2017-12-07T16:58:30","slug":"resolucao-no-482017-disp-07122017","status":"publish","type":"post","link":"https:\/\/www.tjes.jus.br\/corregedoria\/2017\/12\/07\/resolucao-no-482017-disp-07122017\/","title":{"rendered":"RESOLU\u00c7\u00c3O N\u00ba 48\/2017 &#8211; DISP. 07\/12\/2017"},"content":{"rendered":"<p style=\"text-align: center;\"><strong>ESTADO DO ESP\u00cdRITO SANTO<\/strong><\/p>\n<p style=\"text-align: center;\"><strong>PODER JUDICI\u00c1RIO<\/strong><\/p>\n<p style=\"text-align: center;\"><strong>TRIBUNAL DE JUSTI\u00c7A<\/strong><\/p>\n<p style=\"text-align: center;\"><strong>RESOLU\u00c7\u00c3O N\u00ba 48\/2017<\/strong><\/p>\n<p style=\"text-align: justify;\">O Exm\u00ba Sr. Desembargador ANNIBAL DE REZENDE LIMA, Presidente deste Egr\u00e9gio Tribunal de Justi\u00e7a, no uso de suas atribui\u00e7\u00f5es legais e regimentais e tendo em vista decis\u00e3o un\u00e2nime do Egr\u00e9gio Tribunal Pleno, em sess\u00e3o ordin\u00e1ria realizada no dia 05\/10\/2017,<\/p>\n<p style=\"text-align: justify;\"><strong>RESOLVE:<\/strong><\/p>\n<p style=\"text-align: justify;\"><strong>RECONDUZIR<\/strong> a Exm\u00aa Sr\u00aa Des. JANETE VARGAS SIM\u00d5ES no cargo de SUPERVISORA DO N\u00daCLEO DE M\u00c9TODOS CONSENSUAIS DE SOLU\u00c7\u00c3O DE CONFLITOS do Egr\u00e9gio Tribunal de Justi\u00e7a, no Bi\u00eanio de 2018\/2019, na forma do art. 38-Y, da Lei Complementar n\u00ba 234\/02, e art. 5\u00ba, da Lei Complementar n\u00ba 566\/10.<\/p>\n<p style=\"text-align: justify;\"><strong>PUBLIQUE-SE<\/strong><\/p>\n<p style=\"text-align: justify;\">Vit\u00f3ria, 05 de outubro de 2017.<\/p>\n<p style=\"text-align: center;\"><strong>DES. ANNIBAL DE REZENDE LIMA<br \/>\nPRESIDENTE<\/strong><\/p>\n","protected":false},"excerpt":{"rendered":"<p>ESTADO DO ESP\u00cdRITO SANTO PODER JUDICI\u00c1RIO TRIBUNAL DE JUSTI\u00c7A RESOLU\u00c7\u00c3O N\u00ba 48\/2017 O Exm\u00ba Sr. Desembargador ANNIBAL DE REZENDE LIMA, Presidente deste Egr\u00e9gio Tribunal de Justi\u00e7a, no uso de suas atribui\u00e7\u00f5es legais e regimentais e tendo em vista decis\u00e3o un\u00e2nime do Egr\u00e9gio Tribunal Pleno, em sess\u00e3o ordin\u00e1ria realizada no dia 05\/10\/2017, RESOLVE: RECONDUZIR a Exm\u00aa [&hellip;]<\/p>\n","protected":false},"author":3,"featured_media":0,"comment_status":"open","ping_status":"open","sticky":false,"template":"","format":"standard","meta":{"footnotes":""},"categories":[13],"tags":[],"_links":{"self":[{"href":"https:\/\/www.tjes.jus.br\/corregedoria\/wp-json\/wp\/v2\/posts\/21507"}],"collection":[{"href":"https:\/\/www.tjes.jus.br\/corregedoria\/wp-json\/wp\/v2\/posts"}],"about":[{"href":"https:\/\/www.tjes.jus.br\/corregedoria\/wp-json\/wp\/v2\/types\/post"}],"author":[{"embeddable":true,"href":"https:\/\/www.tjes.jus.br\/corregedoria\/wp-json\/wp\/v2\/users\/3"}],"replies":[{"embeddable":true,"href":"https:\/\/www.tjes.jus.br\/corregedoria\/wp-json\/wp\/v2\/comments?post=21507"}],"version-history":[{"count":1,"href":"https:\/\/www.tjes.jus.br\/corregedoria\/wp-json\/wp\/v2\/posts\/21507\/revisions"}],"predecessor-version":[{"id":21508,"href":"https:\/\/www.tjes.jus.br\/corregedoria\/wp-json\/wp\/v2\/posts\/21507\/revisions\/21508"}],"wp:attachment":[{"href":"https:\/\/www.tjes.jus.br\/corregedoria\/wp-json\/wp\/v2\/media?parent=21507"}],"wp:term":[{"taxonomy":"category","embeddable":true,"href":"https:\/\/www.tjes.jus.br\/corregedoria\/wp-json\/wp\/v2\/categories?post=21507"},{"taxonomy":"post_tag","embeddable":true,"href":"https:\/\/www.tjes.jus.br\/corregedoria\/wp-json\/wp\/v2\/tags?post=21507"}],"curies":[{"name":"wp","href":"https:\/\/api.w.org\/{rel}","templated":true}]}}