{"id":21955,"date":"2018-01-15T10:32:53","date_gmt":"2018-01-15T12:32:53","guid":{"rendered":"https:\/\/www.tjes.jus.br\/corregedoria\/?p=21955"},"modified":"2018-11-28T13:13:38","modified_gmt":"2018-11-28T15:13:38","slug":"provimento-cgjes-no-022018-disp-15012018","status":"publish","type":"post","link":"https:\/\/www.tjes.jus.br\/corregedoria\/2018\/01\/15\/provimento-cgjes-no-022018-disp-15012018\/","title":{"rendered":"PROVIMENTO CGJES N\u00ba 02\/2018 &#8211; DISP. 15\/01\/2018 &#8211; REVOGADO"},"content":{"rendered":"<p style=\"text-align: center;\"><del><strong>ESTADO DO ESP\u00cdRITO SANTO<\/strong><\/del><\/p>\n<p style=\"text-align: center;\"><del><strong>PODER JUDICI\u00c1RIO<\/strong><\/del><\/p>\n<p style=\"text-align: center;\"><del><strong>CORREGEDORIA GERAL DA JUSTI\u00c7A<\/strong><\/del><\/p>\n<p style=\"text-align: center;\"><del><strong>PROVIMENTO CGJES N.\u00ba 02\/2018<\/strong><\/del><\/p>\n<p style=\"text-align: justify;\"><del><em>Atribui aos diversos setores administrativos diretamente ligados ou subordinados \u00e0 Corregedoria Geral da Justi\u00e7a a pr\u00e1tica, de of\u00edcio, dos atos meramente ordinat\u00f3rios.<\/em><\/del><\/p>\n<p style=\"text-align: justify;\"><del>O Desembargador SAMUEL MEIRA BRASIL JR, Corregedor-Geral da Justi\u00e7a do Estado do Esp\u00edrito Santo, no uso de suas atribui\u00e7\u00f5es e,<\/del><\/p>\n<p style=\"text-align: justify;\"><del><strong>CONSIDERANDO<\/strong> que a Corregedoria Geral da Justi\u00e7a \u00e9 \u00f3rg\u00e3o de fiscaliza\u00e7\u00e3o, disciplina e orienta\u00e7\u00e3o administrativa, com circunscri\u00e7\u00e3o em todo o Estado, conforme art. 35 da Lei Complementar Estadual n\u00ba 234\/02;<\/del><\/p>\n<p style=\"text-align: justify;\"><del><strong>CONSIDERANDO<\/strong> a necessidade de organizar <em>interna corporis<\/em> o tr\u00e2mite administrativo dos in\u00fameros expedientes de compet\u00eancia da Corregedoria Geral da Justi\u00e7a;<\/del><\/p>\n<p style=\"text-align: justify;\"><del><strong>CONSIDERANDO<\/strong> que o Novo C\u00f3digo de Processo Civil, publicado em 2015, determina que incumbe ao escriv\u00e3o ou ao chefe de secretaria (i) fornecer certid\u00e3o de qualquer ato ou termo do processo, independentemente de despacho, observadas as disposi\u00e7\u00f5es referentes ao segredo de justi\u00e7a e (ii) praticar, de of\u00edcio, os atos meramente ordinat\u00f3rios.<\/del><\/p>\n<p style=\"text-align: justify;\"><del><strong>RESOLVE:<\/strong><\/del><\/p>\n<p style=\"text-align: justify;\"><del><strong>Art. 1\u00ba.<\/strong> No \u00e2mbito da Corregedoria Geral da Justi\u00e7a, os atos meramente ordinat\u00f3rios e a certifica\u00e7\u00e3o de qualquer ato ou termo do processo administrativo independem de despacho, devendo ser praticados de of\u00edcio pelo servidor competente.<\/del><\/p>\n<p style=\"text-align: justify;\"><del><strong>Art. 2\u00ba.<\/strong> Este provimento entrar\u00e1 em vigor na data da publica\u00e7\u00e3o.<\/del><\/p>\n<p style=\"text-align: justify;\"><del><strong>Publique-se. Registre-se. Cumpra-se.<\/strong><\/del><\/p>\n<p style=\"text-align: justify;\"><del>Vit\u00f3ria (ES), 11 de janeiro de 2018.<\/del><\/p>\n<p style=\"text-align: center;\"><del><strong>Desembargador SAMUEL MEIRA BRASIL JR<br \/>\nCorregedor-Geral da Justi\u00e7a<\/strong><\/del><\/p>\n<h2 style=\"text-align: center;\"><span style=\"color: #ff0000;\">REVOGADO PELO\u00a0<a href=\"https:\/\/www.tjes.jus.br\/corregedoria\/2018\/11\/28\/provimento-cgjes-no-13-2018-disp-10-09-2018\/\" target=\"_blank\" rel=\"noopener\">PROVIMENTO CGJES N\u00ba 13\/2018<\/a> &#8211; DISP. 10\/09\/2018<\/span><\/h2>\n","protected":false},"excerpt":{"rendered":"<p>ESTADO DO ESP\u00cdRITO SANTO PODER JUDICI\u00c1RIO CORREGEDORIA GERAL DA JUSTI\u00c7A PROVIMENTO CGJES N.\u00ba 02\/2018 Atribui aos diversos setores administrativos diretamente ligados ou subordinados \u00e0 Corregedoria Geral da Justi\u00e7a a pr\u00e1tica, de of\u00edcio, dos atos meramente ordinat\u00f3rios. O Desembargador SAMUEL MEIRA BRASIL JR, Corregedor-Geral da Justi\u00e7a do Estado do Esp\u00edrito Santo, no uso de suas atribui\u00e7\u00f5es [&hellip;]<\/p>\n","protected":false},"author":3,"featured_media":0,"comment_status":"open","ping_status":"open","sticky":false,"template":"","format":"standard","meta":{"footnotes":""},"categories":[14,16],"tags":[],"_links":{"self":[{"href":"https:\/\/www.tjes.jus.br\/corregedoria\/wp-json\/wp\/v2\/posts\/21955"}],"collection":[{"href":"https:\/\/www.tjes.jus.br\/corregedoria\/wp-json\/wp\/v2\/posts"}],"about":[{"href":"https:\/\/www.tjes.jus.br\/corregedoria\/wp-json\/wp\/v2\/types\/post"}],"author":[{"embeddable":true,"href":"https:\/\/www.tjes.jus.br\/corregedoria\/wp-json\/wp\/v2\/users\/3"}],"replies":[{"embeddable":true,"href":"https:\/\/www.tjes.jus.br\/corregedoria\/wp-json\/wp\/v2\/comments?post=21955"}],"version-history":[{"count":3,"href":"https:\/\/www.tjes.jus.br\/corregedoria\/wp-json\/wp\/v2\/posts\/21955\/revisions"}],"predecessor-version":[{"id":25546,"href":"https:\/\/www.tjes.jus.br\/corregedoria\/wp-json\/wp\/v2\/posts\/21955\/revisions\/25546"}],"wp:attachment":[{"href":"https:\/\/www.tjes.jus.br\/corregedoria\/wp-json\/wp\/v2\/media?parent=21955"}],"wp:term":[{"taxonomy":"category","embeddable":true,"href":"https:\/\/www.tjes.jus.br\/corregedoria\/wp-json\/wp\/v2\/categories?post=21955"},{"taxonomy":"post_tag","embeddable":true,"href":"https:\/\/www.tjes.jus.br\/corregedoria\/wp-json\/wp\/v2\/tags?post=21955"}],"curies":[{"name":"wp","href":"https:\/\/api.w.org\/{rel}","templated":true}]}}