{"id":22081,"date":"2018-01-30T10:33:10","date_gmt":"2018-01-30T12:33:10","guid":{"rendered":"https:\/\/www.tjes.jus.br\/corregedoria\/?p=22081"},"modified":"2018-01-30T10:33:10","modified_gmt":"2018-01-30T12:33:10","slug":"ato-normativo-no-0262018-disp-30012018","status":"publish","type":"post","link":"https:\/\/www.tjes.jus.br\/corregedoria\/2018\/01\/30\/ato-normativo-no-0262018-disp-30012018\/","title":{"rendered":"ATO NORMATIVO N\u00ba 026\/2018 &#8211; DISP. 30\/01\/2018"},"content":{"rendered":"<p style=\"text-align: center;\" align=\"center\"><strong>ESTADO DO ESP\u00cdRITO SANTO<\/strong><\/p>\n<p style=\"text-align: center;\" align=\"center\"><strong>PODER JUDICI\u00c1RIO<\/strong><\/p>\n<p style=\"text-align: center;\" align=\"center\"><strong>TRIBUNAL DE JUSTI\u00c7A<\/strong><\/p>\n<p style=\"text-align: center;\" align=\"center\"><strong>GABINETE DA PRESID\u00caNCIA<\/strong><\/p>\n<p style=\"text-align: center;\" align=\"center\"><strong>ATO NORMATIVO N\u00ba 026\/2018<\/strong><\/p>\n<p style=\"text-align: justify;\">O Exmo. Sr. Desembargador S\u00c9RGIO LUIZ TEIXEIRA GAMA, Presidente do Egr\u00e9gio Tribunal de Justi\u00e7a do Estado do Esp\u00edrito Santo, no uso de suas atribui\u00e7\u00f5es legais,<\/p>\n<p style=\"text-align: justify;\"><strong>CONSIDERANDO<\/strong> o <i>d\u00e9ficit <\/i>de servidores na Coordenadoria de Protocolo, Registro e Distribui\u00e7\u00e3o deste Egr\u00e9gio Tribunal de Justi\u00e7a do Estado do Esp\u00edrito Santo e a impossibilidade imediata de supri-lo ante as restri\u00e7\u00f5es da Lei de Responsabilidade Fiscal;<\/p>\n<p style=\"text-align: justify;\"><strong>CONSIDERANDO<\/strong> a necessidade de implementa\u00e7\u00e3o de medidas que viabilizem o cumprimento das metas do Colendo Conselho Nacional de Justi\u00e7a, notadamente aquelas que dizem respeito aos princ\u00edpios constitucionais da celeridade processual e da efici\u00eancia;<\/p>\n<p style=\"text-align: justify;\"><strong>CONSIDERANDO<\/strong> o aumento significativo de recursos encaminhados a este Egr\u00e9gio Tribunal, especialmente em raz\u00e3o da necessidade de cumprimento de metas nacionalmente estabelecidas pelo Conselho Nacional de Justi\u00e7a &#8211; CNJ;<\/p>\n<p style=\"text-align: justify;\"><strong>RESOLVE:<\/strong><\/p>\n<p style=\"text-align: justify;\"><strong>Art. 1\u00ba &#8211;<\/strong> Constituir Grupo de Trabalho com a finalidade de cadastrar, distribuir e dar andamento aos processos que se encontram na Coordenadoria de Protocolo, Registro e Distribui\u00e7\u00e3o deste Egr\u00e9gio Tribunal de Justi\u00e7a, composto pelos seguintes membros:<\/p>\n<p style=\"text-align: justify;\">1 &#8211; Anderson de Andrade Carneiro;<\/p>\n<p style=\"text-align: justify;\">2 &#8211; Anselmo Ferreira Barbosa;<\/p>\n<p style=\"text-align: justify;\">3 &#8211; Carlos Eduardo Brunoro Grillo;<\/p>\n<p style=\"text-align: justify;\">4 &#8211; Karla Di Marcello Vallad\u00e3o Lugon Mazzoni;<\/p>\n<p style=\"text-align: justify;\">5 &#8211; Manoelita Gon\u00e7alves de Carvalho Grossi;<\/p>\n<p style=\"text-align: justify;\">6 &#8211; Maria Jos\u00e9 Coelho Macedo;<\/p>\n<p style=\"text-align: justify;\">7 \u2013 Luciana Mer\u00e7on;<\/p>\n<p style=\"text-align: justify;\">8 \u2013 Valeska Villaschi Sarlo Wilken;<\/p>\n<p style=\"text-align: justify;\">9 \u2013 Willy de Almeida Rodrigues Salgado;<\/p>\n<p style=\"text-align: justify;\">10- Vitor de Jesuz Macedo;<\/p>\n<p style=\"text-align: justify;\">11 \u2013 Marcus Vin\u00edcius (Suporte t\u00e9cnico da STI);<\/p>\n<p style=\"text-align: justify;\">12 &#8211; Eug\u00eanio Fraga Spessimille (Suporte t\u00e9cnico da STI).<\/p>\n<p style=\"text-align: justify;\">Par\u00e1grafo \u00fanico. As atividades do presente Grupo de Trabalho ser\u00e3o coordenadas pela Coordenadora de Protocolo, Registro e Distribui\u00e7\u00e3o, e, em sua aus\u00eancia pela Secret\u00e1ria Judici\u00e1ria.<\/p>\n<p style=\"text-align: justify;\"><strong>Art. 2\u00ba <\/strong>Os trabalhos do referido Grupo ser\u00e3o realizados no per\u00edodo de 01\/02\/2018 a 31\/12\/2019, na Coordenadoria de Protocolo Registro e Distribui\u00e7\u00e3o, conforme a necessidade a ser identificada pela Coordenadoria do Grupo e podendo ser prorrogado a crit\u00e9rio da Administra\u00e7\u00e3o.<\/p>\n<p style=\"text-align: justify;\"><strong>Art. 3\u00ba &#8211;<\/strong> Durante a realiza\u00e7\u00e3o dos mutir\u00f5es, fora do hor\u00e1rio de atendimento normal do Setor, n\u00e3o ser\u00e1 realizado atendimento ao p\u00fablico, devendo as demandas urgentes porventura existentes serem albergadas pelo regime de plant\u00e3o previamente estabelecido.<\/p>\n<p style=\"text-align: justify;\"><strong>Art. 4\u00ba &#8211;<\/strong> Aos servidores indicados no art. 1\u00ba ser\u00e1 concedido o direito de compensa\u00e7\u00e3o das horas efetivamente trabalhadas, bem como a pontua\u00e7\u00e3o decorrente de participa\u00e7\u00e3o em Grupo de Trabalho, a ser utilizada em processo de promo\u00e7\u00e3o das carreiras dos servidores efetivos e est\u00e1veis do Poder Judici\u00e1rio Estadual, conforme disposto no item 4.1 do Ato n\u00ba 2.773\/2012, publicado no Di\u00e1rio da Justi\u00e7a de 25\/10\/2012.<\/p>\n<p style=\"text-align: justify;\">\u00a71\u00ba A Coordenadora do Grupo providenciar\u00e1 o controle da jornada dos seus membros e emitir\u00e1, mensalmente, certid\u00e3o individual quanto \u00e0s horas efetivamente trabalhadas e a participa\u00e7\u00e3o de cada um.<\/p>\n<p style=\"text-align: justify;\">\u00a72\u00ba A Secretaria de Gest\u00e3o de Pessoas providenciar\u00e1 os registros das horas extraordin\u00e1rias e da pontua\u00e7\u00e3o nas fichas funcionais dos servidores.<\/p>\n<p style=\"text-align: justify;\">\u00a73\u00ba A frui\u00e7\u00e3o das folgas registradas dever\u00e1 ser objeto de pr\u00e9vio acordo entre os servidores e sua chefia imediata, a quem incumbe comunicar o fato \u00e0 Secretaria de Gest\u00e3o de Pessoas para a devida baixa nos registros funcionais do servidor.<\/p>\n<p style=\"text-align: justify;\"><strong>Art. 5\u00ba <\/strong>A Coordenadora apresentar\u00e1 mensalmente \u00e0 Presid\u00eancia relat\u00f3rio circunstanciado das atividades desenvolvidas pelo Grupo de Trabalho.<\/p>\n<p style=\"text-align: justify;\"><strong>PUBLIQUE-SE.<\/strong><\/p>\n<p style=\"text-align: justify;\">Vit\u00f3ria, 29 de janeiro de 2018<\/p>\n<p style=\"text-align: center;\" align=\"center\"><strong>Desembargador S\u00c9RGIO LUIZ TEIXEIRA GAMA<br \/>\nPresidente<\/strong><\/p>\n","protected":false},"excerpt":{"rendered":"<p>ESTADO DO ESP\u00cdRITO SANTO PODER JUDICI\u00c1RIO TRIBUNAL DE JUSTI\u00c7A GABINETE DA PRESID\u00caNCIA ATO NORMATIVO N\u00ba 026\/2018 O Exmo. Sr. Desembargador S\u00c9RGIO LUIZ TEIXEIRA GAMA, Presidente do Egr\u00e9gio Tribunal de Justi\u00e7a do Estado do Esp\u00edrito Santo, no uso de suas atribui\u00e7\u00f5es legais, CONSIDERANDO o d\u00e9ficit de servidores na Coordenadoria de Protocolo, Registro e Distribui\u00e7\u00e3o deste Egr\u00e9gio [&hellip;]<\/p>\n","protected":false},"author":3,"featured_media":0,"comment_status":"open","ping_status":"open","sticky":false,"template":"","format":"standard","meta":{"footnotes":""},"categories":[4],"tags":[],"_links":{"self":[{"href":"https:\/\/www.tjes.jus.br\/corregedoria\/wp-json\/wp\/v2\/posts\/22081"}],"collection":[{"href":"https:\/\/www.tjes.jus.br\/corregedoria\/wp-json\/wp\/v2\/posts"}],"about":[{"href":"https:\/\/www.tjes.jus.br\/corregedoria\/wp-json\/wp\/v2\/types\/post"}],"author":[{"embeddable":true,"href":"https:\/\/www.tjes.jus.br\/corregedoria\/wp-json\/wp\/v2\/users\/3"}],"replies":[{"embeddable":true,"href":"https:\/\/www.tjes.jus.br\/corregedoria\/wp-json\/wp\/v2\/comments?post=22081"}],"version-history":[{"count":1,"href":"https:\/\/www.tjes.jus.br\/corregedoria\/wp-json\/wp\/v2\/posts\/22081\/revisions"}],"predecessor-version":[{"id":22082,"href":"https:\/\/www.tjes.jus.br\/corregedoria\/wp-json\/wp\/v2\/posts\/22081\/revisions\/22082"}],"wp:attachment":[{"href":"https:\/\/www.tjes.jus.br\/corregedoria\/wp-json\/wp\/v2\/media?parent=22081"}],"wp:term":[{"taxonomy":"category","embeddable":true,"href":"https:\/\/www.tjes.jus.br\/corregedoria\/wp-json\/wp\/v2\/categories?post=22081"},{"taxonomy":"post_tag","embeddable":true,"href":"https:\/\/www.tjes.jus.br\/corregedoria\/wp-json\/wp\/v2\/tags?post=22081"}],"curies":[{"name":"wp","href":"https:\/\/api.w.org\/{rel}","templated":true}]}}