{"id":22089,"date":"2018-01-31T20:39:51","date_gmt":"2018-01-31T22:39:51","guid":{"rendered":"https:\/\/www.tjes.jus.br\/corregedoria\/?p=22089"},"modified":"2018-02-05T10:19:54","modified_gmt":"2018-02-05T12:19:54","slug":"resolucao-no-012018-conselho-disp-31012018","status":"publish","type":"post","link":"https:\/\/www.tjes.jus.br\/corregedoria\/2018\/01\/31\/resolucao-no-012018-conselho-disp-31012018\/","title":{"rendered":"RESOLU\u00c7\u00c3O N\u00ba 01\/2018 (CONSELHO) &#8211; DISP. 31\/01\/2018"},"content":{"rendered":"<p style=\"text-align: center;\"><strong>ESTADO DO ESP\u00cdRITO SANTO<\/strong><\/p>\n<p style=\"text-align: center;\"><strong>PODER JUDICI\u00c1RIO<\/strong><\/p>\n<p style=\"text-align: center;\"><strong>TRIBUNAL DE JUSTI\u00c7A<\/strong><\/p>\n<p style=\"text-align: center;\"><strong>CONSELHO SUPERIOR DA MAGISTRATURA<\/strong><\/p>\n<p style=\"text-align: center;\"><strong>RESOLU\u00c7\u00c3O N\u00ba 001\/2018<\/strong><\/p>\n<p style=\"text-align: justify;\">O Excelent\u00edssimo Senhor Desembargador S\u00e9rgio Luiz Teixeira Gama, Presidente do Tribunal de Justi\u00e7a do Estado do Esp\u00edrito Santo, no uso de suas atribui\u00e7\u00f5es legais,<\/p>\n<p style=\"text-align: justify;\"><strong>CONSIDERANDO<\/strong> o que consta da decis\u00e3o referente ao procedimento administrativo n\u00ba 2018.00.074.958;<\/p>\n<p style=\"text-align: justify;\"><strong>CONSIDERANDO<\/strong> a decis\u00e3o un\u00e2nime do Conselho Superior da Magistratura, em sess\u00e3o realizada no dia 29\/01\/2018.<\/p>\n<p style=\"text-align: justify;\"><strong>RESOLVE:<\/strong><\/p>\n<p style=\"text-align: justify;\"><strong>Aprovar,<\/strong> <i>ad referendum<\/i> do Egr\u00e9gio Tribunal Pleno, a modifica\u00e7\u00e3o do hor\u00e1rio das sess\u00f5es do Conselho Superior da Magistratura para \u00e0s 13h30min, das C\u00e2maras Criminais Reunidas para \u00e0s 14h30min, do 1\u00ba Grupo de C\u00e2maras C\u00edveis Reunidas para \u00e0s 14h30min e do 2\u00ba Grupo de C\u00e2maras C\u00edveis Reunidas para \u00e0s 14h00min.<\/p>\n<p style=\"text-align: justify;\"><strong>PUBLIQUE-SE.<\/strong><\/p>\n<p style=\"text-align: justify;\">Vit\u00f3ria, 29 de janeiro de 2018.<\/p>\n<p style=\"text-align: center;\"><strong>Desembargador S\u00c9RGIO LUIZ TEIXEIRA GAMA<br \/>\nPresidente<\/strong><\/p>\n<h2 style=\"text-align: center;\"><span style=\"color: #ff0000;\">REFERENDADA PELA\u00a0<a href=\"https:\/\/www.tjes.jus.br\/corregedoria\/2018\/02\/05\/resolucao-no-042018-disp-05022018\/\" target=\"_blank\" rel=\"noopener\">RESOLU\u00c7\u00c3O N\u00ba 04\/2018<\/a> &#8211; DISP. 05\/02\/2018<\/span><\/h2>\n","protected":false},"excerpt":{"rendered":"<p>ESTADO DO ESP\u00cdRITO SANTO PODER JUDICI\u00c1RIO TRIBUNAL DE JUSTI\u00c7A CONSELHO SUPERIOR DA MAGISTRATURA RESOLU\u00c7\u00c3O N\u00ba 001\/2018 O Excelent\u00edssimo Senhor Desembargador S\u00e9rgio Luiz Teixeira Gama, Presidente do Tribunal de Justi\u00e7a do Estado do Esp\u00edrito Santo, no uso de suas atribui\u00e7\u00f5es legais, CONSIDERANDO o que consta da decis\u00e3o referente ao procedimento administrativo n\u00ba 2018.00.074.958; CONSIDERANDO a decis\u00e3o [&hellip;]<\/p>\n","protected":false},"author":3,"featured_media":0,"comment_status":"open","ping_status":"open","sticky":false,"template":"","format":"standard","meta":{"footnotes":""},"categories":[13],"tags":[],"_links":{"self":[{"href":"https:\/\/www.tjes.jus.br\/corregedoria\/wp-json\/wp\/v2\/posts\/22089"}],"collection":[{"href":"https:\/\/www.tjes.jus.br\/corregedoria\/wp-json\/wp\/v2\/posts"}],"about":[{"href":"https:\/\/www.tjes.jus.br\/corregedoria\/wp-json\/wp\/v2\/types\/post"}],"author":[{"embeddable":true,"href":"https:\/\/www.tjes.jus.br\/corregedoria\/wp-json\/wp\/v2\/users\/3"}],"replies":[{"embeddable":true,"href":"https:\/\/www.tjes.jus.br\/corregedoria\/wp-json\/wp\/v2\/comments?post=22089"}],"version-history":[{"count":4,"href":"https:\/\/www.tjes.jus.br\/corregedoria\/wp-json\/wp\/v2\/posts\/22089\/revisions"}],"predecessor-version":[{"id":22147,"href":"https:\/\/www.tjes.jus.br\/corregedoria\/wp-json\/wp\/v2\/posts\/22089\/revisions\/22147"}],"wp:attachment":[{"href":"https:\/\/www.tjes.jus.br\/corregedoria\/wp-json\/wp\/v2\/media?parent=22089"}],"wp:term":[{"taxonomy":"category","embeddable":true,"href":"https:\/\/www.tjes.jus.br\/corregedoria\/wp-json\/wp\/v2\/categories?post=22089"},{"taxonomy":"post_tag","embeddable":true,"href":"https:\/\/www.tjes.jus.br\/corregedoria\/wp-json\/wp\/v2\/tags?post=22089"}],"curies":[{"name":"wp","href":"https:\/\/api.w.org\/{rel}","templated":true}]}}