{"id":22145,"date":"2018-02-05T10:19:08","date_gmt":"2018-02-05T12:19:08","guid":{"rendered":"https:\/\/www.tjes.jus.br\/corregedoria\/?p=22145"},"modified":"2018-02-05T10:19:08","modified_gmt":"2018-02-05T12:19:08","slug":"resolucao-no-042018-disp-05022018","status":"publish","type":"post","link":"https:\/\/www.tjes.jus.br\/corregedoria\/2018\/02\/05\/resolucao-no-042018-disp-05022018\/","title":{"rendered":"RESOLU\u00c7\u00c3O N\u00ba 04\/2018 &#8211; DISP. 05\/02\/2018"},"content":{"rendered":"<p style=\"text-align: center;\"><strong>ESTADO DO ESP\u00cdRITO SANTO<\/strong><\/p>\n<p style=\"text-align: center;\"><strong>PODER JUDICI\u00c1RIO<\/strong><\/p>\n<p style=\"text-align: center;\"><strong>TRIBUNAL DE JUSTI\u00c7A<\/strong><\/p>\n<p style=\"text-align: center;\"><strong>RESOLU\u00c7\u00c3O N\u00ba 04\/2018<\/strong><\/p>\n<p style=\"text-align: justify;\">O Exm\u00ba Sr. Desembargador S\u00c9RGIO LUIZ TEIXEIRA GAMA, Presidente deste Egr\u00e9gio Tribunal de Justi\u00e7a, no uso de suas atribui\u00e7\u00f5es legais e regimentais e tendo em vista decis\u00e3o un\u00e2nime do Egr\u00e9gio Tribunal Pleno, em sess\u00e3o ordin\u00e1ria realizada no dia 01\/02\/2018,<\/p>\n<p style=\"text-align: justify;\"><strong>RESOLVE<\/strong>:<\/p>\n<p style=\"text-align: justify;\"><strong>REFERENDAR<\/strong> a <a href=\"https:\/\/www.tjes.jus.br\/corregedoria\/2018\/01\/31\/resolucao-no-012018-conselho-disp-31012018\/\" target=\"_blank\" rel=\"noopener\">Resolu\u00e7\u00e3o n\u00ba 001\/2018<\/a>, disponibilizada no Di\u00e1rio de Justi\u00e7a no dia 31 de janeiro de 2018, que aprovou a modifica\u00e7\u00e3o do hor\u00e1rio das sess\u00f5es do Conselho Superior da Magistratura para \u00e0s 13h30min, das C\u00e2maras Criminais Reunidas para \u00e0s 14h30min, do 1\u00ba Grupo de C\u00e2maras C\u00edveis Reunidas para \u00e0s 14h30min e do 2\u00ba Grupo de C\u00e2maras C\u00edveis Reunidas para \u00e0s 14h00min.<\/p>\n<p style=\"text-align: justify;\"><strong>PUBLIQUE-SE<\/strong><\/p>\n<p style=\"text-align: justify;\">Vit\u00f3ria, 01 de fevereiro de 2018.<\/p>\n<p style=\"text-align: center;\"><strong>DES. S\u00c9RGIO LUIZ TEIXEIRA GAMA<br \/>\nPRESIDENTE<\/strong><\/p>\n","protected":false},"excerpt":{"rendered":"<p>ESTADO DO ESP\u00cdRITO SANTO PODER JUDICI\u00c1RIO TRIBUNAL DE JUSTI\u00c7A RESOLU\u00c7\u00c3O N\u00ba 04\/2018 O Exm\u00ba Sr. Desembargador S\u00c9RGIO LUIZ TEIXEIRA GAMA, Presidente deste Egr\u00e9gio Tribunal de Justi\u00e7a, no uso de suas atribui\u00e7\u00f5es legais e regimentais e tendo em vista decis\u00e3o un\u00e2nime do Egr\u00e9gio Tribunal Pleno, em sess\u00e3o ordin\u00e1ria realizada no dia 01\/02\/2018, RESOLVE: REFERENDAR a Resolu\u00e7\u00e3o [&hellip;]<\/p>\n","protected":false},"author":3,"featured_media":0,"comment_status":"open","ping_status":"open","sticky":false,"template":"","format":"standard","meta":{"footnotes":""},"categories":[13],"tags":[],"_links":{"self":[{"href":"https:\/\/www.tjes.jus.br\/corregedoria\/wp-json\/wp\/v2\/posts\/22145"}],"collection":[{"href":"https:\/\/www.tjes.jus.br\/corregedoria\/wp-json\/wp\/v2\/posts"}],"about":[{"href":"https:\/\/www.tjes.jus.br\/corregedoria\/wp-json\/wp\/v2\/types\/post"}],"author":[{"embeddable":true,"href":"https:\/\/www.tjes.jus.br\/corregedoria\/wp-json\/wp\/v2\/users\/3"}],"replies":[{"embeddable":true,"href":"https:\/\/www.tjes.jus.br\/corregedoria\/wp-json\/wp\/v2\/comments?post=22145"}],"version-history":[{"count":1,"href":"https:\/\/www.tjes.jus.br\/corregedoria\/wp-json\/wp\/v2\/posts\/22145\/revisions"}],"predecessor-version":[{"id":22146,"href":"https:\/\/www.tjes.jus.br\/corregedoria\/wp-json\/wp\/v2\/posts\/22145\/revisions\/22146"}],"wp:attachment":[{"href":"https:\/\/www.tjes.jus.br\/corregedoria\/wp-json\/wp\/v2\/media?parent=22145"}],"wp:term":[{"taxonomy":"category","embeddable":true,"href":"https:\/\/www.tjes.jus.br\/corregedoria\/wp-json\/wp\/v2\/categories?post=22145"},{"taxonomy":"post_tag","embeddable":true,"href":"https:\/\/www.tjes.jus.br\/corregedoria\/wp-json\/wp\/v2\/tags?post=22145"}],"curies":[{"name":"wp","href":"https:\/\/api.w.org\/{rel}","templated":true}]}}