{"id":2217,"date":"2016-06-13T18:25:24","date_gmt":"2016-06-13T21:25:24","guid":{"rendered":"http:\/\/10.14.3.75\/corregedoria\/?p=2217"},"modified":"2017-09-22T11:44:59","modified_gmt":"2017-09-22T14:44:59","slug":"ato-normativo-no-1122014-disp-16062014","status":"publish","type":"post","link":"https:\/\/www.tjes.jus.br\/corregedoria\/2016\/06\/13\/ato-normativo-no-1122014-disp-16062014\/","title":{"rendered":"ATO NORMATIVO N\u00ba 112\/2014 &#8211; DISP. 16\/06\/2014 &#8211; REVOGADO"},"content":{"rendered":"<p align=\"center\"><del><strong>ATO NORMATIVO N\u00ba 112\/2014<\/strong><\/del><\/p>\n<p align=\"justify\"><del><strong>O Excelent\u00edssimo Senhor Desembargador S\u00c9RGIO BIZZOTTO PESSOA DE MENDON\u00c7A, Presidente do Egr\u00e9gio Tribunal de Justi\u00e7a do Estado do Esp\u00edrito Santo, no uso de suas atribui\u00e7\u00f5es legais e regimentais, e\u00a0<\/strong><\/del><\/p>\n<p align=\"justify\"><del><strong>CONSIDERANDO\u00a0<\/strong>os termos da Recomenda\u00e7\u00e3o n\u00ba 27, de 16 de dezembro de 2009, oriundo do Colendo Conselho Nacional da Justi\u00e7a, que recomenda aos Tribunais relacionados nos incisos II e VII do art. 92 da Constitui\u00e7\u00e3o Federal de 1988 que adotem medidas para a remo\u00e7\u00e3o de barreiras f\u00edsicas, arquitet\u00f4nicas, de comunica\u00e7\u00e3o e atitudinais de modo a promover o amplo e irrestrito acesso de pessoas com defici\u00eancia \u00e0s suas depend\u00eancias, aos servi\u00e7os que prestam e \u00e0s respectivas carreiras, para a conscientiza\u00e7\u00e3o de servidores e jurisdicionados sobre a import\u00e2ncia da acessibilidade enquanto garantia ao pleno exerc\u00edcio de direitos, bem como para que instituam comiss\u00f5es de acessibilidade visando ao planejamento, elabora\u00e7\u00e3o e acompanhamento de projetos e metas direcionados \u00e0 promo\u00e7\u00e3o de acessibilidade \u00e0s pessoas com defici\u00eancia;<\/del><\/p>\n<p align=\"justify\"><del><strong>RESOLVE<\/strong>:<\/del><\/p>\n<p align=\"justify\"><del><strong>Art. 1\u00ba<\/strong> Alterar a Comiss\u00e3o Multidisciplinar de Acessibilidade, institu\u00edda pelo <a href=\"https:\/\/www.tjes.jus.br\/corregedoria\/index.php\/2016\/08\/25\/ato-normativo-no-132010-disp-23032010-alterado\/\" target=\"_blank\" rel=\"noopener noreferrer\">Ato Normativo N\u00ba 13\/2010<\/a>, excluindo, a pedido, a servidora Karla Soares Cordeiro \u2013 Analista Judici\u00e1rio 02 \u2013\u00a0 Servi\u00e7o Social.<\/del><\/p>\n<p align=\"justify\"><del><strong>PUBLIQUE-SE.\u00a0<\/strong><\/del><\/p>\n<p style=\"text-align: center;\" align=\"justify\"><del><strong>Vit\u00f3ria\/ES, 13 de junho de 2014.\u00a0<\/strong><\/del><\/p>\n<p style=\"text-align: center;\" align=\"center\"><del>Desembargador\u00a0<strong>S\u00c9RGIO BIZZOTTO PESSOA DE MENDON\u00c7A<br \/>\n<\/strong><strong>Presidente<\/strong><\/del><\/p>\n<h2 align=\"center\"><span style=\"color: #ff0000;\">REVOGADO PELO\u00a0<a href=\"https:\/\/www.tjes.jus.br\/corregedoria\/2017\/09\/22\/ato-normativo-no-1272017-disp-22092017\/\" target=\"_blank\" rel=\"noopener\">ATO NORMATIVO N\u00ba 127\/2017<\/a> &#8211; DISP. 22\/09\/2017<\/span><\/h2>\n","protected":false},"excerpt":{"rendered":"<p>ATO NORMATIVO N\u00ba 112\/2014 O Excelent\u00edssimo Senhor Desembargador S\u00c9RGIO BIZZOTTO PESSOA DE MENDON\u00c7A, Presidente do Egr\u00e9gio Tribunal de Justi\u00e7a do Estado do Esp\u00edrito Santo, no uso de suas atribui\u00e7\u00f5es legais e regimentais, e\u00a0 CONSIDERANDO\u00a0os termos da Recomenda\u00e7\u00e3o n\u00ba 27, de 16 de dezembro de 2009, oriundo do Colendo Conselho Nacional da Justi\u00e7a, que recomenda aos [&hellip;]<\/p>\n","protected":false},"author":1,"featured_media":0,"comment_status":"open","ping_status":"open","sticky":false,"template":"","format":"standard","meta":{"footnotes":""},"categories":[4,14],"tags":[],"_links":{"self":[{"href":"https:\/\/www.tjes.jus.br\/corregedoria\/wp-json\/wp\/v2\/posts\/2217"}],"collection":[{"href":"https:\/\/www.tjes.jus.br\/corregedoria\/wp-json\/wp\/v2\/posts"}],"about":[{"href":"https:\/\/www.tjes.jus.br\/corregedoria\/wp-json\/wp\/v2\/types\/post"}],"author":[{"embeddable":true,"href":"https:\/\/www.tjes.jus.br\/corregedoria\/wp-json\/wp\/v2\/users\/1"}],"replies":[{"embeddable":true,"href":"https:\/\/www.tjes.jus.br\/corregedoria\/wp-json\/wp\/v2\/comments?post=2217"}],"version-history":[{"count":4,"href":"https:\/\/www.tjes.jus.br\/corregedoria\/wp-json\/wp\/v2\/posts\/2217\/revisions"}],"predecessor-version":[{"id":19072,"href":"https:\/\/www.tjes.jus.br\/corregedoria\/wp-json\/wp\/v2\/posts\/2217\/revisions\/19072"}],"wp:attachment":[{"href":"https:\/\/www.tjes.jus.br\/corregedoria\/wp-json\/wp\/v2\/media?parent=2217"}],"wp:term":[{"taxonomy":"category","embeddable":true,"href":"https:\/\/www.tjes.jus.br\/corregedoria\/wp-json\/wp\/v2\/categories?post=2217"},{"taxonomy":"post_tag","embeddable":true,"href":"https:\/\/www.tjes.jus.br\/corregedoria\/wp-json\/wp\/v2\/tags?post=2217"}],"curies":[{"name":"wp","href":"https:\/\/api.w.org\/{rel}","templated":true}]}}