{"id":22170,"date":"2018-02-06T08:25:53","date_gmt":"2018-02-06T10:25:53","guid":{"rendered":"https:\/\/www.tjes.jus.br\/corregedoria\/?p=22170"},"modified":"2019-04-30T15:41:57","modified_gmt":"2019-04-30T18:41:57","slug":"ato-normativo-no-0332018-disp-06022018","status":"publish","type":"post","link":"https:\/\/www.tjes.jus.br\/corregedoria\/2018\/02\/06\/ato-normativo-no-0332018-disp-06022018\/","title":{"rendered":"ATO NORMATIVO N\u00ba 033\/2018 &#8211; DISP. 06\/02\/2018"},"content":{"rendered":"<p style=\"text-align: center;\"><strong>ESTADO DO ESP\u00cdRITO SANTO<\/strong><\/p>\n<p style=\"text-align: center;\"><strong>PODER JUDICI\u00c1RIO<\/strong><\/p>\n<p style=\"text-align: center;\"><strong>TRIBUNAL DE JUSTI\u00c7A<\/strong><\/p>\n<p style=\"text-align: center;\"><strong>GABINETE DA PRESID\u00caNCIA<\/strong><\/p>\n<p style=\"text-align: center;\"><strong>ATO NORMATIVO N\u00ba 033\/2018<\/strong><\/p>\n<p style=\"text-align: justify;\">O Excelent\u00edssimo Senhor Desembargador S\u00e9rgio Luiz Teixeira Gama, Presidente do Egr\u00e9gio Tribunal de Justi\u00e7a do Estado do Esp\u00edrito Santo, no uso de suas atribui\u00e7\u00f5es legais;<\/p>\n<p style=\"text-align: justify;\"><strong>CONSIDERANDO<\/strong> a <a href=\"https:\/\/www.tjes.jus.br\/corregedoria\/2016\/09\/14\/resolucao-cnj-no-240-de-09092016\/\" target=\"_blank\" rel=\"noopener\">Resolu\u00e7\u00e3o n\u00ba 240 do Conselho Nacional de Justi\u00e7a<\/a>, de 09 de setembro de 2016, que disp\u00f5e sobre a Pol\u00edtica de Gest\u00e3o de Pessoas no \u00e2mbito do Poder Judici\u00e1rio;<\/p>\n<p style=\"text-align: justify;\"><strong>CONSIDERANDO<\/strong> que a melhoria da gest\u00e3o de pessoas \u00e9 um dos macrodesafios estabelecidos na Estrat\u00e9gia Judici\u00e1rio 2020, a teor da <a href=\"https:\/\/www.tjes.jus.br\/corregedoria\/2016\/09\/14\/resolucao-cnj-no-198-de-01072014\/\" target=\"_blank\" rel=\"noopener\">Resolu\u00e7\u00e3o CNJ, 1\u00ba de julho de 2014<\/a>;<\/p>\n<p style=\"text-align: justify;\"><strong>CONSIDERANDO<\/strong> que os Tribunais devem instituir Comit\u00ea Gestor Local de Gest\u00e3o de Pessoas;<\/p>\n<p style=\"text-align: justify;\"><strong>RESOLVE:<\/strong><\/p>\n<p style=\"text-align: justify;\"><strong>Art. 1\u00ba. <\/strong>Fica institu\u00eddo no \u00e2mbito do Poder Judici\u00e1rio do Estado do Esp\u00edrito Santo, o Comit\u00ea Gestor Local de Gest\u00e3o de Pessoas, que ter\u00e1 as seguintes atribui\u00e7\u00f5es:<\/p>\n<p style=\"text-align: justify;\">a) propor e coordenar plano estrat\u00e9gico local de gest\u00e3o de pessoas, alinhado aos objetivos institucionais e \u00e0s diretrizes desta Pol\u00edtica;<\/p>\n<p style=\"text-align: justify;\">b) atuar na interlocu\u00e7\u00e3o com a Rede de Gest\u00e3o de Pessoas do Poder Judici\u00e1rio, compartilhando iniciativas, dificuldades, aprendizados e resultados;<\/p>\n<p style=\"text-align: justify;\">c) monitorar, avaliar e divulgar o desempenho e os resultados alcan\u00e7ados pela gest\u00e3o de pessoas;<\/p>\n<p style=\"text-align: justify;\">d) instituir grupos de discuss\u00e3o e trabalho com o objetivo de propor e de subsidiar a avalia\u00e7\u00e3o da Pol\u00edtica e medidas de Gest\u00e3o de Pessoas.<\/p>\n<p style=\"text-align: justify;\"><strong>Art. 2\u00ba. <\/strong>O Comit\u00ea Gestor Local de Gest\u00e3o de Pessoas do Poder Judici\u00e1rio do Estado do Esp\u00edrito Santo ser\u00e1 composto , nos termos determinados do artigo 11 da <a href=\"https:\/\/www.tjes.jus.br\/corregedoria\/2016\/09\/14\/resolucao-cnj-no-240-de-09092016\/\" target=\"_blank\" rel=\"noopener\">Resolu\u00e7\u00e3o n\u00ba 240\/16 do Conselho Nacional de Justi\u00e7a &#8211; CNJ<\/a>, pelos seguintes membros:<\/p>\n<p style=\"text-align: justify;\">a) 1 (um) magistrado indicado pelo Tribunal;<\/p>\n<p style=\"text-align: justify;\">b) 1 (um) magistrado escolhido pelo Tribunal a partir de lista de inscritos aberta a todos os interessados;<\/p>\n<p style=\"text-align: justify;\">c) 2 (dois) magistrados eleitos por vota\u00e7\u00e3o direta entre os magistrados do primeiro grau, da respectiva jurisdi\u00e7\u00e3o, a partir de lista de inscri\u00e7\u00e3o;<\/p>\n<p style=\"text-align: justify;\">d) 1 (um) servidor indicado pelo Tribunal;<\/p>\n<p style=\"text-align: justify;\">e) 1 (um) servidor escolhido pelo Tribunal a partir de lista de inscritos aberta a todos os interessados;<\/p>\n<p style=\"text-align: justify;\">f) 2 (dois) servidores eleitos por vota\u00e7\u00e3o direta entre os servidores, a partir de lista de inscri\u00e7\u00e3o;<\/p>\n<p style=\"text-align: justify;\">g) Secret\u00e1rio de Gest\u00e3o de Pessoas.<\/p>\n<p style=\"text-align: justify;\">\u00a7 1\u00ba O Comit\u00ea Gestor Local de Gest\u00e3o de Pessoas ser\u00e1 coordenado por um dos magistrados que o integram , n\u00e3o vinculado \u00e0 \u00f3rg\u00e3o diretivo do Tribunal, eleito por seus pr\u00f3prios integrantes.<\/p>\n<p style=\"text-align: justify;\">2\u00ba Cada membro do Comit\u00ea ter\u00e1 1 (um) suplente<\/p>\n<p style=\"text-align: justify;\"><strong>Art. 3\u00ba. <\/strong>O Tribunal de Justi\u00e7a do Estado do Esp\u00edrito Santo abrir\u00e1 inscri\u00e7\u00f5es e posteriores elei\u00e7\u00f5es a fim de compor o Comit\u00ea Gestor Local de Gest\u00e3o de Pessoas.<\/p>\n<p style=\"text-align: justify;\">\u00a7 1\u00ba A dura\u00e7\u00e3o do mandato dos membros do Comit\u00ea ser\u00e1 de 2 (dois) anos, permitida uma recondu\u00e7\u00e3o.<\/p>\n<p style=\"text-align: justify;\">\u00a7 2\u00ba Ocorrendo a sa\u00edda de um dos membros titulares antes do t\u00e9rmino do mandato, assumir\u00e1 o seu suplente.<\/p>\n<p style=\"text-align: justify;\"><del><strong>Art. 4\u00ba. <\/strong>Atuar\u00e3o junto ao Comit\u00ea, sem direito a voto, 1(um) magistrado indicado pela Associa\u00e7\u00e3o dos Magistrados do Estado do Esp\u00edrito Santo &#8211; AMAGES , 1(um) servidor indicado pelo Sindicato dos Servidores do Poder Judici\u00e1rio do Estado do Esp\u00edrito Santo \u2013 SINDIJUDICI\u00c1RIO e 1(um) servidor indicado pelo Sindicato dos Oficiais de Justi\u00e7a do Estado do Esp\u00edrito Santo.<\/del><\/p>\n<p style=\"text-align: justify;\"><strong>Art. 4\u00ba<\/strong>. Atuar\u00e3o junto ao Comit\u00ea, sem direito a voto, 01 (um) magistrado indicado pela Associa\u00e7\u00e3o dos Magistrados do Estado do Esp\u00edrito Santo \u2013 AMAGES, 01 (um) magistrado indicado pela Corregedoria Geral da Justi\u00e7a, 01 (um) servidor indicado pelo Sindicato dos Servidores do Poder Judici\u00e1rio do Estado do Esp\u00edrito Santo \u2013 SINDIJUDICI\u00c1RIO e 01 (um) servidor indicado pelo Sindicato dos Oficiais de Justi\u00e7a do Estado do Esp\u00edrito Santo.\u00a0<strong>(Alterado pelo\u00a0<a href=\"https:\/\/www.tjes.jus.br\/corregedoria\/2019\/04\/30\/ato-normativo-no-059-2019-disp-26-04-2019\/\">Ato Normativo n\u00ba 059\/2019<\/a>, disponibilizado em 26\/04\/2019)<\/strong><\/p>\n<p style=\"text-align: justify;\"><strong>Art. 5\u00ba. <\/strong>O Comit\u00ea poder\u00e1 solicitar, por interm\u00e9dio da Administra\u00e7\u00e3o Superior, as informa\u00e7\u00f5es necess\u00e1rias ao adequado cumprimento de suas atribui\u00e7\u00f5es.<\/p>\n<p style=\"text-align: justify;\"><strong>Art. 6\u00ba. <\/strong>Este Ato Normativo entra em vigor na data de sua publica\u00e7\u00e3o.<\/p>\n<p style=\"text-align: justify;\"><strong>Publique-se no e-Di\u00e1rio por 05 (cinco) dias.<\/strong><\/p>\n<p style=\"text-align: center;\"><strong>Desembargador S\u00c9RGIO LUIZ TEIXEIRA GAMA<br \/>\nPresidente do TJES<\/strong><\/p>\n<p>&nbsp;<\/p>\n<h2 style=\"text-align: center;\"><strong><span style=\"color: #ff0000;\">ALTERADO PELO\u00a0<\/span><a href=\"https:\/\/www.tjes.jus.br\/corregedoria\/2019\/04\/30\/ato-normativo-no-059-2019-disp-26-04-2019\/\">ATO NORMATIVO N\u00ba 059\/2018<\/a>\u00a0<span style=\"color: #ff0000;\">\u2013 DISP. 26\/04\/2019<\/span><\/strong><\/h2>\n","protected":false},"excerpt":{"rendered":"<p>ESTADO DO ESP\u00cdRITO SANTO PODER JUDICI\u00c1RIO TRIBUNAL DE JUSTI\u00c7A GABINETE DA PRESID\u00caNCIA ATO NORMATIVO N\u00ba 033\/2018 O Excelent\u00edssimo Senhor Desembargador S\u00e9rgio Luiz Teixeira Gama, Presidente do Egr\u00e9gio Tribunal de Justi\u00e7a do Estado do Esp\u00edrito Santo, no uso de suas atribui\u00e7\u00f5es legais; CONSIDERANDO a Resolu\u00e7\u00e3o n\u00ba 240 do Conselho Nacional de Justi\u00e7a, de 09 de setembro [&hellip;]<\/p>\n","protected":false},"author":3,"featured_media":0,"comment_status":"open","ping_status":"open","sticky":false,"template":"","format":"standard","meta":{"footnotes":""},"categories":[4,14],"tags":[],"_links":{"self":[{"href":"https:\/\/www.tjes.jus.br\/corregedoria\/wp-json\/wp\/v2\/posts\/22170"}],"collection":[{"href":"https:\/\/www.tjes.jus.br\/corregedoria\/wp-json\/wp\/v2\/posts"}],"about":[{"href":"https:\/\/www.tjes.jus.br\/corregedoria\/wp-json\/wp\/v2\/types\/post"}],"author":[{"embeddable":true,"href":"https:\/\/www.tjes.jus.br\/corregedoria\/wp-json\/wp\/v2\/users\/3"}],"replies":[{"embeddable":true,"href":"https:\/\/www.tjes.jus.br\/corregedoria\/wp-json\/wp\/v2\/comments?post=22170"}],"version-history":[{"count":3,"href":"https:\/\/www.tjes.jus.br\/corregedoria\/wp-json\/wp\/v2\/posts\/22170\/revisions"}],"predecessor-version":[{"id":26771,"href":"https:\/\/www.tjes.jus.br\/corregedoria\/wp-json\/wp\/v2\/posts\/22170\/revisions\/26771"}],"wp:attachment":[{"href":"https:\/\/www.tjes.jus.br\/corregedoria\/wp-json\/wp\/v2\/media?parent=22170"}],"wp:term":[{"taxonomy":"category","embeddable":true,"href":"https:\/\/www.tjes.jus.br\/corregedoria\/wp-json\/wp\/v2\/categories?post=22170"},{"taxonomy":"post_tag","embeddable":true,"href":"https:\/\/www.tjes.jus.br\/corregedoria\/wp-json\/wp\/v2\/tags?post=22170"}],"curies":[{"name":"wp","href":"https:\/\/api.w.org\/{rel}","templated":true}]}}