{"id":22172,"date":"2018-02-06T08:35:33","date_gmt":"2018-02-06T10:35:33","guid":{"rendered":"https:\/\/www.tjes.jus.br\/corregedoria\/?p=22172"},"modified":"2018-02-06T08:35:33","modified_gmt":"2018-02-06T10:35:33","slug":"ato-normativo-no-0342018-disp-06022018","status":"publish","type":"post","link":"https:\/\/www.tjes.jus.br\/corregedoria\/2018\/02\/06\/ato-normativo-no-0342018-disp-06022018\/","title":{"rendered":"ATO NORMATIVO N\u00ba 034\/2018 &#8211; DISP. 06\/02\/2018"},"content":{"rendered":"<p style=\"text-align: center;\"><strong>ESTADO DO ESP\u00cdRITO SANTO<\/strong><\/p>\n<p style=\"text-align: center;\"><strong>PODER JUDICI\u00c1RIO<\/strong><\/p>\n<p style=\"text-align: center;\"><strong>TRIBUNAL DE JUSTI\u00c7A<\/strong><\/p>\n<p style=\"text-align: center;\"><strong>PRESID\u00caNCIA<\/strong><\/p>\n<p style=\"text-align: center;\"><strong>ATO NORMATIVO N\u00ba 034\/2018<\/strong><\/p>\n<p style=\"text-align: justify;\"><em>Disp\u00f5e sobre a institui\u00e7\u00e3o da Equipe de Trabalho do Mutir\u00e3o de Concilia\u00e7\u00e3o dos Processos envolvendo Direito de Fam\u00edlia na Comarca de S\u00e3o Mateus \u2013 ES.<\/em><\/p>\n<p style=\"text-align: justify;\">O Excelent\u00edssimo Senhor Desembargador S\u00c9RGIO LUIZ TEIXEIRA GAMA, Presidente do Egr\u00e9gio Tribunal de Justi\u00e7a do Estado do Esp\u00edrito Santo, no uso de suas atribui\u00e7\u00f5es legais e,<\/p>\n<p style=\"text-align: justify;\"><strong>CONSIDERANDO<\/strong> o disposto no art. 58, da Resolu\u00e7\u00e3o n\u00ba 15\/95 \u2013 Regimento Interno do Tribunal de Justi\u00e7a do Estado do Esp\u00edrito Santo, que atribui ao Presidente compet\u00eancia geral para exercer a superintend\u00eancia de todo servi\u00e7o judici\u00e1rio, na qualidade de Chefe do Poder Judici\u00e1rio Estadual;<\/p>\n<p style=\"text-align: justify;\"><strong>CONSIDERANDO<\/strong> a vig\u00eancia do Novo C\u00f3digo de Processo Civil (Lei 13.105\/2015), bem como da Lei de Media\u00e7\u00e3o (Lei 13.140\/2015) e, ainda, da <a href=\"https:\/\/www.tjes.jus.br\/corregedoria\/2016\/07\/06\/resolucao-no-0172013-disp-13042013\/\" target=\"_blank\" rel=\"noopener\">Resolu\u00e7\u00e3o n\u00ba 017\/2013<\/a>, que criou os Centros Judici\u00e1rios de Solu\u00e7\u00e3o de Conflitos e Cidadania, sob a Coordena\u00e7\u00e3o do N\u00facleo Permanente de M\u00e9todos Consensuais de Solu\u00e7\u00e3o de Conflitos \u2013 NUPEMEC;<\/p>\n<p style=\"text-align: justify;\"><strong>CONSIDERANDO<\/strong> a <a href=\"https:\/\/www.tjes.jus.br\/corregedoria\/2017\/02\/16\/resolucao-no-032011-publ-em-24012011\/\" target=\"_blank\" rel=\"noopener\">Resolu\u00e7\u00e3o 003\/2011<\/a> que instituiu o N\u00facleo Permanente de M\u00e9todos Consensuais de Solu\u00e7\u00e3o de Conflitos do Poder Judici\u00e1rio do Estado do Esp\u00edrito Santo, posteriormente alterada pela <a href=\"https:\/\/www.tjes.jus.br\/corregedoria\/2017\/02\/21\/resolucao-no-192012-publ-em-17042012\/\" target=\"_blank\" rel=\"noopener\">Resolu\u00e7\u00e3o n.\u00ba 019\/2012<\/a>, bem como a <a href=\"https:\/\/www.tjes.jus.br\/corregedoria\/2016\/07\/06\/resolucao-no-0172013-disp-13042013\/\" target=\"_blank\" rel=\"noopener\">resolu\u00e7\u00e3o 017\/2013<\/a> que criou os Centros Judici\u00e1rios de Solu\u00e7\u00e3o de Conflitos e Cidadania sob sua Coordena\u00e7\u00e3o;<\/p>\n<p style=\"text-align: justify;\"><strong>CONSIDERANDO<\/strong> o <a href=\"https:\/\/www.tjes.jus.br\/corregedoria\/2016\/06\/06\/ato-normativo-no-2672015-disp-04112015\/\" target=\"_blank\" rel=\"noopener\">Ato Normativo 267\/2015<\/a>, que instituiu o Grupo de Trabalho de Fam\u00edlia para implanta\u00e7\u00e3o de Pol\u00edticas P\u00fablicas de Resolu\u00e7\u00e3o de Conflitos Familiares;<\/p>\n<p style=\"text-align: justify;\"><strong>RESOLVE<\/strong>:<\/p>\n<p style=\"text-align: justify;\"><strong>Art. 1\u00ba \u2013 <\/strong>Designar a Exm\u00aa Sra. Dra. Aline Moreira Souza Tin\u00f4co para a pr\u00e1tica dos atos judiciais necess\u00e1rios a realiza\u00e7\u00e3o do Mutir\u00e3o de Concilia\u00e7\u00e3o, bem como os atos administrativos necess\u00e1rios ao suporte e supervis\u00e3o do evento.<\/p>\n<p style=\"text-align: justify;\"><strong>Art. 2\u00ba &#8211; <\/strong>Instituir e convocar a Equipe de Trabalho que atuar\u00e1 no Mutir\u00e3o de Concilia\u00e7\u00e3o, que acontecer\u00e1 nos dias 22.02.2018, 22.03.2018, 26.04.2018, 24.05.2018 e 28.06.2018 iniciando \u00e0s 08:00 horas no F\u00f3rum Des. Santos Neves &#8211; S\u00e3o Mateus, devendo os referidos servidores abaixo nominados atuarem na realiza\u00e7\u00e3o do mesmo, todos sob a Supervis\u00e3o da Ju\u00edza de Direito elencada no art. 1\u00ba:<\/p>\n<table style=\"border-color: #000000;\" border=\"1\">\n<tbody>\n<tr>\n<td style=\"border-color: #000000; text-align: center;\" scope=\"row\" width=\"290\"><strong>BRUNA BARBIELLINI PETRONI CUTINI COSTA<\/strong><\/td>\n<td style=\"border-color: #000000; text-align: center;\" scope=\"row\" width=\"286\">ASSESSORA DE JUIZ DE 1\u00ba GRAU<\/td>\n<\/tr>\n<tr>\n<td style=\"border-color: #000000; text-align: center;\" scope=\"row\" width=\"290\"><strong>CRISTINA DA ROCHA VERLI LUCIANO<\/strong><\/td>\n<td style=\"border-color: #000000; text-align: center;\" scope=\"row\" width=\"286\">ANALISTA JUDICI\u00c1RIO 1<\/td>\n<\/tr>\n<tr>\n<td style=\"border-color: #000000; text-align: center;\" scope=\"row\" width=\"290\"><strong>JUSCELINO MAGNO QUARTEZANI DUARTE<\/strong><\/td>\n<td style=\"border-color: #000000; text-align: center;\" scope=\"row\" width=\"286\">ANALISTA JUDICI\u00c1RIO ESPECIAL<\/td>\n<\/tr>\n<tr>\n<td style=\"border-color: #000000; text-align: center;\" scope=\"row\" width=\"290\"><strong>ANTONIO ALIZIO LIMA DE RESENDE<\/strong><\/td>\n<td style=\"border-color: #000000; text-align: center;\" scope=\"row\" width=\"286\">CHEFE DO SETOR DE CONCILIA\u00c7\u00c3O<\/td>\n<\/tr>\n<tr>\n<td style=\"border-color: #000000; text-align: center;\" scope=\"row\" width=\"290\"><strong>MARCILIO JUNIOR PEIXOTO<\/strong><\/td>\n<td style=\"border-color: #000000; text-align: center;\" scope=\"row\" width=\"286\">ESTAGI\u00c1RIO DE P\u00d3S GRADUA\u00c7\u00c3O<\/td>\n<\/tr>\n<\/tbody>\n<\/table>\n<p style=\"text-align: justify;\"><strong>Art. 3\u00ba &#8211; <\/strong>O Grupo de Trabalho ficar\u00e1 respons\u00e1vel por promover os atos executivos necess\u00e1rios ao bom andamento do Mutir\u00e3o de Concilia\u00e7\u00e3o, podendo, ainda, atuar nas audi\u00eancias de concilia\u00e7\u00e3o.<\/p>\n<p style=\"text-align: justify;\"><strong>Art. 4\u00ba &#8211; <\/strong>O N\u00facleo Permanente de M\u00e9todos Consensuais de Solu\u00e7\u00e3o de Conflitos encaminhar\u00e1 \u00e0 Secretaria de Gest\u00e3o de Pessoas, no prazo de 10(dez) dias ap\u00f3s a realiza\u00e7\u00e3o do mutir\u00e3o, lista constando os nomes dos servidores que participaram do presente mutir\u00e3o e as horas que estiveram \u00e0 disposi\u00e7\u00e3o do Poder Judici\u00e1rio para fins de registro em ficha funcional.<\/p>\n<p style=\"text-align: justify;\"><strong>Art. 5\u00ba &#8211; <\/strong>As horas, al\u00e9m do expediente normal, ser\u00e3o devolvidas e devidamente anotadas em ficha funcional, para que possam ser gozadas oportunamente, mediante autoriza\u00e7\u00e3o da chefia imediata e sem preju\u00edzo do servi\u00e7o.<\/p>\n<p style=\"text-align: justify;\"><strong>Art. 6\u00ba &#8211; <\/strong>Os servidores efetivos est\u00e1veis que atuarem no presente mutir\u00e3o ter\u00e3o reconhecida, para fins de promo\u00e7\u00e3o na carreira, a pontua\u00e7\u00e3o equivalente \u00e0 participa\u00e7\u00e3o em Equipe Especial de Trabalho, conforme disposto no Ato Normativo 2773\/2012.<\/p>\n<p style=\"text-align: justify;\"><strong>Art. 7\u00ba &#8211; <\/strong>Este Ato Normativo entra em vigor na data de sua publica\u00e7\u00e3o.<\/p>\n<p style=\"text-align: justify;\">Vit\u00f3ria, 05 de fevereiro de 2018.<\/p>\n<p style=\"text-align: center;\"><strong>Des. S\u00c9RGIO LUIZ TEIXEIRA GAMA<br \/>\nPresidente<\/strong><\/p>\n","protected":false},"excerpt":{"rendered":"<p>ESTADO DO ESP\u00cdRITO SANTO PODER JUDICI\u00c1RIO TRIBUNAL DE JUSTI\u00c7A PRESID\u00caNCIA ATO NORMATIVO N\u00ba 034\/2018 Disp\u00f5e sobre a institui\u00e7\u00e3o da Equipe de Trabalho do Mutir\u00e3o de Concilia\u00e7\u00e3o dos Processos envolvendo Direito de Fam\u00edlia na Comarca de S\u00e3o Mateus \u2013 ES. O Excelent\u00edssimo Senhor Desembargador S\u00c9RGIO LUIZ TEIXEIRA GAMA, Presidente do Egr\u00e9gio Tribunal de Justi\u00e7a do Estado [&hellip;]<\/p>\n","protected":false},"author":3,"featured_media":0,"comment_status":"open","ping_status":"open","sticky":false,"template":"","format":"standard","meta":{"footnotes":""},"categories":[4],"tags":[],"_links":{"self":[{"href":"https:\/\/www.tjes.jus.br\/corregedoria\/wp-json\/wp\/v2\/posts\/22172"}],"collection":[{"href":"https:\/\/www.tjes.jus.br\/corregedoria\/wp-json\/wp\/v2\/posts"}],"about":[{"href":"https:\/\/www.tjes.jus.br\/corregedoria\/wp-json\/wp\/v2\/types\/post"}],"author":[{"embeddable":true,"href":"https:\/\/www.tjes.jus.br\/corregedoria\/wp-json\/wp\/v2\/users\/3"}],"replies":[{"embeddable":true,"href":"https:\/\/www.tjes.jus.br\/corregedoria\/wp-json\/wp\/v2\/comments?post=22172"}],"version-history":[{"count":1,"href":"https:\/\/www.tjes.jus.br\/corregedoria\/wp-json\/wp\/v2\/posts\/22172\/revisions"}],"predecessor-version":[{"id":22173,"href":"https:\/\/www.tjes.jus.br\/corregedoria\/wp-json\/wp\/v2\/posts\/22172\/revisions\/22173"}],"wp:attachment":[{"href":"https:\/\/www.tjes.jus.br\/corregedoria\/wp-json\/wp\/v2\/media?parent=22172"}],"wp:term":[{"taxonomy":"category","embeddable":true,"href":"https:\/\/www.tjes.jus.br\/corregedoria\/wp-json\/wp\/v2\/categories?post=22172"},{"taxonomy":"post_tag","embeddable":true,"href":"https:\/\/www.tjes.jus.br\/corregedoria\/wp-json\/wp\/v2\/tags?post=22172"}],"curies":[{"name":"wp","href":"https:\/\/api.w.org\/{rel}","templated":true}]}}