{"id":22248,"date":"2018-02-09T12:34:15","date_gmt":"2018-02-09T14:34:15","guid":{"rendered":"https:\/\/www.tjes.jus.br\/corregedoria\/?p=22248"},"modified":"2018-02-09T12:34:15","modified_gmt":"2018-02-09T14:34:15","slug":"oficio-circular-no-0112018-disp-09022018","status":"publish","type":"post","link":"https:\/\/www.tjes.jus.br\/corregedoria\/2018\/02\/09\/oficio-circular-no-0112018-disp-09022018\/","title":{"rendered":"OF\u00cdCIO CIRCULAR N\u00ba 011\/2018 &#8211; DISP. 09\/02\/2018"},"content":{"rendered":"<p style=\"text-align: center;\"><strong>ESTADO DO ESP\u00cdRITO SANTO<\/strong><\/p>\n<p style=\"text-align: center;\"><strong>PODER JUDICI\u00c1RIO<\/strong><\/p>\n<p style=\"text-align: center;\"><strong>CORREGEDORIA GERAL DA JUSTI\u00c7A<\/strong><\/p>\n<p style=\"text-align: center;\"><strong>OF\u00cdCIO CIRCULAR N.\u00ba 011\/2018<\/strong><\/p>\n<p style=\"text-align: justify;\">Senhores not\u00e1rios e registradores das serventias de foro extrajudicial do Estado do Esp\u00edrito Santo,<\/p>\n<p style=\"text-align: justify;\">O Desembargador <strong>SAMUEL MEIRA BRASIL JR<\/strong>., Corregedor Geral da Justi\u00e7a, no uso de suas atribui\u00e7\u00f5es, e<\/p>\n<p style=\"text-align: justify;\"><strong>CONSIDERANDO<\/strong> que a Corregedoria Geral da Justi\u00e7a \u00e9 \u00f3rg\u00e3o de fiscaliza\u00e7\u00e3o, disciplina e orienta\u00e7\u00e3o administrativa, com jurisdi\u00e7\u00e3o em todo o Estado, conforme art. 7\u00ba do C\u00f3digo de Normas, art. 35 da Lei Complementar Estadual n\u00ba 234\/02 e art. 37 da Lei Federal n\u00ba 8.935\/94;<\/p>\n<p style=\"text-align: justify;\"><strong>CONSIDERANDO<\/strong> que o Regimento Interno do Tribunal de Justi\u00e7a do Esp\u00edrito Santo estabelece ser feriado forense \u201cos dias de segunda e ter\u00e7a-feira de Carnaval e quarta-feira de cinzas\u201d (art. 46, \u201cb\u201d);<\/p>\n<p style=\"text-align: justify;\"><strong>CONSIDERANDO<\/strong> que no per\u00edodo de segunda e ter\u00e7a-feira de Carnaval a procura pelos servi\u00e7os notariais e registrais \u00e9 consideravelmente reduzida;<\/p>\n<p style=\"text-align: justify;\"><strong>CONSIDERANDO<\/strong> o princ\u00edpio da razoabilidade, que deve nortear o agir da Administra\u00e7\u00e3o P\u00fablica;<\/p>\n<p style=\"text-align: justify;\"><strong>CONSIDERANDO<\/strong> a Decis\u00e3o proferida nos autos do processo n\u00ba 2018.00.131.950;<\/p>\n<p style=\"text-align: justify;\"><strong>RESOLVE:<\/strong><\/p>\n<p style=\"text-align: justify;\"><strong>DETERMINAR<\/strong>, de maneira excepcional, o n\u00e3o funcionamento dos servi\u00e7os notariais e registrais do Estado do Esp\u00edrito Santo nos dias 12 e 13 de fevereiro de 2018, bem como o funcionamento, no dia 14 do mesmo m\u00eas, a partir das 12:00 horas, tudo sem preju\u00edzo do plant\u00e3o a que alude o artigo 531, \u00a7 2\u00ba, do C\u00f3digo de Normas. Dever\u00e1 ser afixado, nas depend\u00eancias das serventias, aviso vis\u00edvel alertando os usu\u00e1rios acerca desse hor\u00e1rio diferenciado de funcionamento.<\/p>\n<p style=\"text-align: justify;\"><strong>Publique-se.<\/strong><\/p>\n<p style=\"text-align: justify;\">Vit\u00f3ria, 07 de fevereiro de 2018.<\/p>\n<p style=\"text-align: center;\"><strong>Desembargador SAMUEL MEIRA BRASIL JR.<br \/>\nCorregedor Geral da Justi\u00e7a<\/strong><\/p>\n","protected":false},"excerpt":{"rendered":"<p>ESTADO DO ESP\u00cdRITO SANTO PODER JUDICI\u00c1RIO CORREGEDORIA GERAL DA JUSTI\u00c7A OF\u00cdCIO CIRCULAR N.\u00ba 011\/2018 Senhores not\u00e1rios e registradores das serventias de foro extrajudicial do Estado do Esp\u00edrito Santo, O Desembargador SAMUEL MEIRA BRASIL JR., Corregedor Geral da Justi\u00e7a, no uso de suas atribui\u00e7\u00f5es, e CONSIDERANDO que a Corregedoria Geral da Justi\u00e7a \u00e9 \u00f3rg\u00e3o de fiscaliza\u00e7\u00e3o, [&hellip;]<\/p>\n","protected":false},"author":3,"featured_media":0,"comment_status":"open","ping_status":"open","sticky":false,"template":"","format":"standard","meta":{"footnotes":""},"categories":[5],"tags":[],"_links":{"self":[{"href":"https:\/\/www.tjes.jus.br\/corregedoria\/wp-json\/wp\/v2\/posts\/22248"}],"collection":[{"href":"https:\/\/www.tjes.jus.br\/corregedoria\/wp-json\/wp\/v2\/posts"}],"about":[{"href":"https:\/\/www.tjes.jus.br\/corregedoria\/wp-json\/wp\/v2\/types\/post"}],"author":[{"embeddable":true,"href":"https:\/\/www.tjes.jus.br\/corregedoria\/wp-json\/wp\/v2\/users\/3"}],"replies":[{"embeddable":true,"href":"https:\/\/www.tjes.jus.br\/corregedoria\/wp-json\/wp\/v2\/comments?post=22248"}],"version-history":[{"count":1,"href":"https:\/\/www.tjes.jus.br\/corregedoria\/wp-json\/wp\/v2\/posts\/22248\/revisions"}],"predecessor-version":[{"id":22249,"href":"https:\/\/www.tjes.jus.br\/corregedoria\/wp-json\/wp\/v2\/posts\/22248\/revisions\/22249"}],"wp:attachment":[{"href":"https:\/\/www.tjes.jus.br\/corregedoria\/wp-json\/wp\/v2\/media?parent=22248"}],"wp:term":[{"taxonomy":"category","embeddable":true,"href":"https:\/\/www.tjes.jus.br\/corregedoria\/wp-json\/wp\/v2\/categories?post=22248"},{"taxonomy":"post_tag","embeddable":true,"href":"https:\/\/www.tjes.jus.br\/corregedoria\/wp-json\/wp\/v2\/tags?post=22248"}],"curies":[{"name":"wp","href":"https:\/\/api.w.org\/{rel}","templated":true}]}}