{"id":22627,"date":"2018-02-19T12:09:30","date_gmt":"2018-02-19T15:09:30","guid":{"rendered":"https:\/\/www.tjes.jus.br\/corregedoria\/?p=22627"},"modified":"2021-03-10T16:33:07","modified_gmt":"2021-03-10T19:33:07","slug":"ato-normativo-no-037-2018-disp-19-02-2018","status":"publish","type":"post","link":"https:\/\/www.tjes.jus.br\/corregedoria\/2018\/02\/19\/ato-normativo-no-037-2018-disp-19-02-2018\/","title":{"rendered":"ATO NORMATIVO N\u00ba 037\/2018 &#8211; DISP. 19\/02\/2018 &#8211; ALTERADO"},"content":{"rendered":"<p style=\"text-align: center;\"><strong>ESTADO DO ESP\u00cdRITO SANTO<\/strong><\/p>\n<p style=\"text-align: center;\"><strong>PODER JUDICI\u00c1RIO<\/strong><\/p>\n<p style=\"text-align: center;\"><strong>TRIBUNAL DE JUSTI\u00c7A<\/strong><\/p>\n<p style=\"text-align: center;\"><strong>PRESID\u00caNCIA<\/strong><\/p>\n<p style=\"text-align: center;\"><strong>ATO NORMATIVO N\u00ba 037\/2018<\/strong><\/p>\n<p style=\"text-align: justify;\">O Excelent\u00edssimo Senhor Desembargador S\u00c9RGIO LUIZ TEIXEIRA GAMA, Presidente do Egr\u00e9gio Tribunal de Justi\u00e7a do Estado do Esp\u00edrito Santo, no uso de suas atribui\u00e7\u00f5es legais, e<\/p>\n<p style=\"text-align: justify;\"><strong>CONSIDERANDO<\/strong> o disposto no art. 7\u00ba, \u00a71\u00ba, da <a href=\"https:\/\/www.tjes.jus.br\/corregedoria\/2016\/12\/19\/resolucao-n-272016-disp-em-19122016\/\" target=\"_blank\" rel=\"noopener\">Resolu\u00e7\u00e3o TJES n\u00ba 27\/2016<\/a>, que disp\u00f5e que o Servi\u00e7o de Informa\u00e7\u00e3o ao Cidad\u00e3o (SIC), vinculado a Ouvidoria Judici\u00e1ria, funcionar\u00e1 com o aux\u00edlio da Comiss\u00e3o de Apoio ao Servi\u00e7o de Informa\u00e7\u00e3o ao Cidad\u00e3o (CASIC), composta por 04 (quatro) servidores efetivos e est\u00e1veis do Poder Judici\u00e1rio do Estado do Esp\u00edrito Santo, indicados pelo Ouvidor Judici\u00e1rio e referendados pelo Presidente;<\/p>\n<p style=\"text-align: justify;\"><strong>RESOLVE<\/strong>:<\/p>\n<p style=\"text-align: justify;\"><strong>Art. 1\u00ba <\/strong>\u2013 Ficam designados os seguintes membros para composi\u00e7\u00e3o da Comiss\u00e3o de Apoio ao Servi\u00e7o de Informa\u00e7\u00e3o ao Cidad\u00e3o (CASIC), a fim de viabilizar o acesso a informa\u00e7\u00f5es de interesse p\u00fablico relativas ao funcionamento e aos servi\u00e7os prestados pelo Poder Judici\u00e1rio do Estado do Esp\u00edrito Santo:<\/p>\n<p style=\"text-align: justify;\"><strong>I \u2013 Jos\u00e9 de Magalh\u00e3es Neto<\/strong>, Analista Judici\u00e1rio &#8211; AJ &#8211; Oficial de Justi\u00e7a Avaliador e Chefe de Gabinete da Presid\u00eancia;<\/p>\n<p style=\"text-align: justify;\"><strong>II \u2013 Ruy Barros Ruy<\/strong>, Analista Judici\u00e1rio \u2013 AJ \u2013 Direito e Assessor de N\u00edvel Superior para Assuntos Jur\u00eddicos 02;<\/p>\n<p style=\"text-align: justify;\"><strong>III \u2013Henrique Fernandes Wyatt<\/strong>, Analista Judici\u00e1rio \u2013 AJ \u2013 Direito e Assessor de N\u00edvel Superior para Assuntos Jur\u00eddicos 01;<\/p>\n<p style=\"text-align: justify;\"><del><strong>IV \u2013 Juliano Cardoso Bolzan<\/strong>, Analista Judici\u00e1rio \u2013 AE \u2013 Direito e Assistente de Gabinete de Desembargador;<\/del><\/p>\n<p><strong>IV \u2013 Polyana Baldi Nazario,<\/strong>T\u00e9cnico Judici\u00e1rio \u2013 AA- Sem Especialidade;\u00a0<strong>(Inclu\u00eddo pelo<a href=\"https:\/\/www.tjes.jus.br\/corregedoria\/2021\/03\/10\/ato-normativo-no-018-2021-disp-10-03-2021\/\">\u00a0Ato Normativo n\u00ba 018\/2021,<\/a> disponibilizado em 10\/03\/2021)<\/strong><\/p>\n<p style=\"text-align: justify;\"><strong>Publique-se<\/strong>.<\/p>\n<p style=\"text-align: justify;\">Vit\u00f3ria, 09 de Fevereiro de 2018.<\/p>\n<p style=\"text-align: center;\"><strong>Des. S\u00c9RGIO LUIZ TEIXEIRA GAMA<br \/>\nPresidente<\/strong><\/p>\n","protected":false},"excerpt":{"rendered":"<p>ESTADO DO ESP\u00cdRITO SANTO PODER JUDICI\u00c1RIO TRIBUNAL DE JUSTI\u00c7A PRESID\u00caNCIA ATO NORMATIVO N\u00ba 037\/2018 O Excelent\u00edssimo Senhor Desembargador S\u00c9RGIO LUIZ TEIXEIRA GAMA, Presidente do Egr\u00e9gio Tribunal de Justi\u00e7a do Estado do Esp\u00edrito Santo, no uso de suas atribui\u00e7\u00f5es legais, e CONSIDERANDO o disposto no art. 7\u00ba, \u00a71\u00ba, da Resolu\u00e7\u00e3o TJES n\u00ba 27\/2016, que disp\u00f5e que [&hellip;]<\/p>\n","protected":false},"author":3,"featured_media":0,"comment_status":"open","ping_status":"open","sticky":false,"template":"","format":"standard","meta":{"footnotes":""},"categories":[4],"tags":[],"_links":{"self":[{"href":"https:\/\/www.tjes.jus.br\/corregedoria\/wp-json\/wp\/v2\/posts\/22627"}],"collection":[{"href":"https:\/\/www.tjes.jus.br\/corregedoria\/wp-json\/wp\/v2\/posts"}],"about":[{"href":"https:\/\/www.tjes.jus.br\/corregedoria\/wp-json\/wp\/v2\/types\/post"}],"author":[{"embeddable":true,"href":"https:\/\/www.tjes.jus.br\/corregedoria\/wp-json\/wp\/v2\/users\/3"}],"replies":[{"embeddable":true,"href":"https:\/\/www.tjes.jus.br\/corregedoria\/wp-json\/wp\/v2\/comments?post=22627"}],"version-history":[{"count":4,"href":"https:\/\/www.tjes.jus.br\/corregedoria\/wp-json\/wp\/v2\/posts\/22627\/revisions"}],"predecessor-version":[{"id":31276,"href":"https:\/\/www.tjes.jus.br\/corregedoria\/wp-json\/wp\/v2\/posts\/22627\/revisions\/31276"}],"wp:attachment":[{"href":"https:\/\/www.tjes.jus.br\/corregedoria\/wp-json\/wp\/v2\/media?parent=22627"}],"wp:term":[{"taxonomy":"category","embeddable":true,"href":"https:\/\/www.tjes.jus.br\/corregedoria\/wp-json\/wp\/v2\/categories?post=22627"},{"taxonomy":"post_tag","embeddable":true,"href":"https:\/\/www.tjes.jus.br\/corregedoria\/wp-json\/wp\/v2\/tags?post=22627"}],"curies":[{"name":"wp","href":"https:\/\/api.w.org\/{rel}","templated":true}]}}