{"id":22667,"date":"2018-02-20T12:41:21","date_gmt":"2018-02-20T15:41:21","guid":{"rendered":"https:\/\/www.tjes.jus.br\/corregedoria\/?p=22667"},"modified":"2018-02-20T12:41:21","modified_gmt":"2018-02-20T15:41:21","slug":"oficio-circular-no-019-2018-disp-20-02-2018","status":"publish","type":"post","link":"https:\/\/www.tjes.jus.br\/corregedoria\/2018\/02\/20\/oficio-circular-no-019-2018-disp-20-02-2018\/","title":{"rendered":"OF\u00cdCIO CIRCULAR N\u00ba 019\/2018 &#8211; DISP. 20\/02\/2018"},"content":{"rendered":"<p style=\"text-align: center;\"><strong>ESTADO DO ESP\u00cdRITO SANTO<\/strong><\/p>\n<p style=\"text-align: center;\"><strong>PODER JUDICI\u00c1RIO<\/strong><\/p>\n<p style=\"text-align: center;\"><strong>CORREGEDORIA GERAL DA JUSTI\u00c7A<\/strong><\/p>\n<p style=\"text-align: center;\"><strong>OF\u00cdCIO CIRCULAR N.\u00ba 19\/2018<\/strong><\/p>\n<p style=\"text-align: justify;\">Senhores not\u00e1rios e registradores das serventias de foro extrajudicial do Estado do Esp\u00edrito Santo,<\/p>\n<p style=\"text-align: justify;\">O Desembargador <strong>SAMUEL MEIRA BRASIL JR.<\/strong>, Corregedor Geral da Justi\u00e7a, no uso de suas atribui\u00e7\u00f5es, e<\/p>\n<p style=\"text-align: justify;\"><strong>CONSIDERANDO <\/strong>que a Corregedoria Geral da Justi\u00e7a \u00e9 \u00f3rg\u00e3o de fiscaliza\u00e7\u00e3o, disciplina e orienta\u00e7\u00e3o administrativa, com jurisdi\u00e7\u00e3o em todo o Estado, conforme art. 7\u00ba do C\u00f3digo de Normas, art. 35 da Lei Complementar Estadual n\u00ba 234\/02 e art. 37 da Lei Federal n\u00ba 8.935\/94;<\/p>\n<p style=\"text-align: justify;\"><strong>CONSIDERANDO<\/strong> que a Corregedoria Nacional de Justi\u00e7a, em pedido de provid\u00eancias n.\u00ba 0009827-69.2017.2.00.0000, visa ao atendimento da Meta 17, apresentada no I Encontro de Corregedores do Servi\u00e7o Extrajudicial, em 07.12.2017;<\/p>\n<p style=\"text-align: justify;\"><strong>CONSIDERANDO <\/strong>que a meta em refer\u00eancia tem como pressuposto a nulidade e a inefic\u00e1cia de atos que objetivem a ocupa\u00e7\u00e3o, o dom\u00ednio ou a posse de terras ind\u00edgenas;<\/p>\n<p style=\"text-align: justify;\"><strong>CONSIDERANDO <\/strong>a Decis\u00e3o proferida nos autos do processo CGJES n\u00ba 2018.00.106.034;<\/p>\n<p style=\"text-align: justify;\"><strong>RESOLVE:<\/strong><\/p>\n<p style=\"text-align: justify;\"><strong>DETERMINAR, <\/strong>que os not\u00e1rios e registradores adotem todas as medidas necess\u00e1rias ao fiel cumprimento do art. 231, \u00a7 6\u00ba, da CF\/88; art. 246, \u00a7\u00a7 3\u00ba e 4\u00ba, e art. 250, IV, da <a href=\"http:\/\/www.planalto.gov.br\/CCIVIL_03\/LEIS\/L6015consolidado.htm\" target=\"_blank\" rel=\"noopener\">Lei n.\u00ba 6.015\/73<\/a>, para que sejam declarados nulos e ineficazes os atos que tenham por objeto a ocupa\u00e7\u00e3o, o dom\u00ednio ou a posse de terras ind\u00edgenas.<\/p>\n<p style=\"text-align: justify;\"><strong>Publique-se.<\/strong><\/p>\n<p style=\"text-align: justify;\">Vit\u00f3ria, 07 de fevereiro de 2018.<\/p>\n<p style=\"text-align: center;\"><strong>Desembargador SAMUEL MEIRA BRASIL JR.<br \/>\nCorregedor Geral da Justi\u00e7a<\/strong><\/p>\n","protected":false},"excerpt":{"rendered":"<p>ESTADO DO ESP\u00cdRITO SANTO PODER JUDICI\u00c1RIO CORREGEDORIA GERAL DA JUSTI\u00c7A OF\u00cdCIO CIRCULAR N.\u00ba 19\/2018 Senhores not\u00e1rios e registradores das serventias de foro extrajudicial do Estado do Esp\u00edrito Santo, O Desembargador SAMUEL MEIRA BRASIL JR., Corregedor Geral da Justi\u00e7a, no uso de suas atribui\u00e7\u00f5es, e CONSIDERANDO que a Corregedoria Geral da Justi\u00e7a \u00e9 \u00f3rg\u00e3o de fiscaliza\u00e7\u00e3o, [&hellip;]<\/p>\n","protected":false},"author":3,"featured_media":0,"comment_status":"open","ping_status":"open","sticky":false,"template":"","format":"standard","meta":{"footnotes":""},"categories":[14,5],"tags":[],"_links":{"self":[{"href":"https:\/\/www.tjes.jus.br\/corregedoria\/wp-json\/wp\/v2\/posts\/22667"}],"collection":[{"href":"https:\/\/www.tjes.jus.br\/corregedoria\/wp-json\/wp\/v2\/posts"}],"about":[{"href":"https:\/\/www.tjes.jus.br\/corregedoria\/wp-json\/wp\/v2\/types\/post"}],"author":[{"embeddable":true,"href":"https:\/\/www.tjes.jus.br\/corregedoria\/wp-json\/wp\/v2\/users\/3"}],"replies":[{"embeddable":true,"href":"https:\/\/www.tjes.jus.br\/corregedoria\/wp-json\/wp\/v2\/comments?post=22667"}],"version-history":[{"count":1,"href":"https:\/\/www.tjes.jus.br\/corregedoria\/wp-json\/wp\/v2\/posts\/22667\/revisions"}],"predecessor-version":[{"id":22668,"href":"https:\/\/www.tjes.jus.br\/corregedoria\/wp-json\/wp\/v2\/posts\/22667\/revisions\/22668"}],"wp:attachment":[{"href":"https:\/\/www.tjes.jus.br\/corregedoria\/wp-json\/wp\/v2\/media?parent=22667"}],"wp:term":[{"taxonomy":"category","embeddable":true,"href":"https:\/\/www.tjes.jus.br\/corregedoria\/wp-json\/wp\/v2\/categories?post=22667"},{"taxonomy":"post_tag","embeddable":true,"href":"https:\/\/www.tjes.jus.br\/corregedoria\/wp-json\/wp\/v2\/tags?post=22667"}],"curies":[{"name":"wp","href":"https:\/\/api.w.org\/{rel}","templated":true}]}}