{"id":22671,"date":"2018-02-20T12:50:24","date_gmt":"2018-02-20T15:50:24","guid":{"rendered":"https:\/\/www.tjes.jus.br\/corregedoria\/?p=22671"},"modified":"2018-02-20T12:50:24","modified_gmt":"2018-02-20T15:50:24","slug":"portaria-cgjes-no-02-2018-disp-20-02-2018","status":"publish","type":"post","link":"https:\/\/www.tjes.jus.br\/corregedoria\/2018\/02\/20\/portaria-cgjes-no-02-2018-disp-20-02-2018\/","title":{"rendered":"PORTARIA CGJES N\u00ba 02\/2018 &#8211; DISP. 20\/02\/2018"},"content":{"rendered":"<p style=\"text-align: center;\"><strong>ESTADO DO ESP\u00cdRITO SANTO<\/strong><\/p>\n<p style=\"text-align: center;\"><strong>PODER JUDICI\u00c1RIO<\/strong><\/p>\n<p style=\"text-align: center;\"><strong>CORREGEDORIA GERAL DA JUSTI\u00c7A<\/strong><\/p>\n<p style=\"text-align: center;\"><strong>PORTARIA CGJES N.\u00ba 02\/2018<\/strong><\/p>\n<p style=\"text-align: justify;\"><em>Constituir Comiss\u00e3o Respons\u00e1vel pelos Assuntos dos Servi\u00e7os Extrajudiciais.<\/em><\/p>\n<p style=\"text-align: justify;\"><strong>O Desembargador SAMUEL MEIRA BRASIL JR.<\/strong>, Corregedor Geral da Justi\u00e7a do Estado do Esp\u00edrito Santo, no uso de suas atribui\u00e7\u00f5es legais e<\/p>\n<p style=\"text-align: justify;\"><strong>CONSIDERANDO<\/strong> que a Corregedoria Geral da Justi\u00e7a \u00e9 \u00f3rg\u00e3o de fiscaliza\u00e7\u00e3o, disciplina e orienta\u00e7\u00e3o administrativa, com jurisdi\u00e7\u00e3o em todo o Estado, conforme art. 2\u00ba da Lei Complementar Estadual n.\u00ba 83\/96 e art. 35 da Lei Complementar Estadual n.\u00ba 234\/2002;<\/p>\n<p style=\"text-align: justify;\"><strong>CONSIDERANDO<\/strong> o pedido de provid\u00eancias n.\u00ba 0009806-93.2017.2.00.0000 oriundo da Corregedoria Nacional de Justi\u00e7a, instaurado para acompanhar a Meta 01 apresentada no \u201cI Encontro de Corregedores do Servi\u00e7o Extrajudicial\u201d, realizado em 07\/12\/2017, que assim estabelece: \u201c1 \u2013 Criar equipe de servidores, com um juiz respons\u00e1vel pelos assuntos dos servi\u00e7os extrajudiciais, no \u00e2mbito da corregedoria.\u201d;<\/p>\n<p style=\"text-align: justify;\"><strong>CONSIDERANDO <\/strong>a decis\u00e3o proferida no bojo do expediente administrativo n\u00ba 201800105182, aberto nesta Corregedoria Geral de Justi\u00e7a para acompanhar a Meta 01;<\/p>\n<p style=\"text-align: justify;\"><strong>RESOLVE:<\/strong><\/p>\n<p style=\"text-align: justify;\"><strong>Art. 1\u00ba<\/strong> Instituir a Comiss\u00e3o Respons\u00e1vel pelos Assuntos dos Servi\u00e7os Extrajudiciais, composta pelos seguintes membros:<\/p>\n<p style=\"text-align: justify;\">I \u2013 Juiz Corregedor <strong>RODRIGO FERREIRA MIRANDA<\/strong>;<\/p>\n<p style=\"text-align: justify;\">II \u2013 Ju\u00edza Corregedora <strong>PATRICIA FARONI<\/strong>;<\/p>\n<p style=\"text-align: justify;\">III \u2013 Coordenadora da Coordenadoria de Monitoramento de Foro Judicial e Extrajudicial <strong>MAGALI BARBOSA DE OLIVEIRA<\/strong>;<\/p>\n<p style=\"text-align: justify;\">IV &#8211; Analista Judici\u00e1rio \u2013 AE \u2013 Direito, <strong>ADRIANA RANGEL PINTO<\/strong>;<\/p>\n<p style=\"text-align: justify;\">V &#8211; Analista Judici\u00e1rio \u2013 AE \u2013 Direito, <strong>MARCO ANTONIO SEVERNINI<\/strong>.<\/p>\n<p style=\"text-align: justify;\"><strong>Art. 2\u00ba <\/strong>Esta portaria entrar\u00e1 em vigor na data da sua publica\u00e7\u00e3o.<\/p>\n<p style=\"text-align: justify;\"><strong>Publique-se. Registre-se. Cumpra-se.<\/strong><\/p>\n<p style=\"text-align: justify;\">Vit\u00f3ria\/ES, 08 de fevereiro de 2018.<\/p>\n<p style=\"text-align: center;\"><strong>Desembargador SAMUEL MEIRA BRASIL JR.<br \/>\nCorregedor Geral da Justi\u00e7a<\/strong><\/p>\n","protected":false},"excerpt":{"rendered":"<p>ESTADO DO ESP\u00cdRITO SANTO PODER JUDICI\u00c1RIO CORREGEDORIA GERAL DA JUSTI\u00c7A PORTARIA CGJES N.\u00ba 02\/2018 Constituir Comiss\u00e3o Respons\u00e1vel pelos Assuntos dos Servi\u00e7os Extrajudiciais. O Desembargador SAMUEL MEIRA BRASIL JR., Corregedor Geral da Justi\u00e7a do Estado do Esp\u00edrito Santo, no uso de suas atribui\u00e7\u00f5es legais e CONSIDERANDO que a Corregedoria Geral da Justi\u00e7a \u00e9 \u00f3rg\u00e3o de fiscaliza\u00e7\u00e3o, [&hellip;]<\/p>\n","protected":false},"author":3,"featured_media":0,"comment_status":"open","ping_status":"open","sticky":false,"template":"","format":"standard","meta":{"footnotes":""},"categories":[6],"tags":[],"_links":{"self":[{"href":"https:\/\/www.tjes.jus.br\/corregedoria\/wp-json\/wp\/v2\/posts\/22671"}],"collection":[{"href":"https:\/\/www.tjes.jus.br\/corregedoria\/wp-json\/wp\/v2\/posts"}],"about":[{"href":"https:\/\/www.tjes.jus.br\/corregedoria\/wp-json\/wp\/v2\/types\/post"}],"author":[{"embeddable":true,"href":"https:\/\/www.tjes.jus.br\/corregedoria\/wp-json\/wp\/v2\/users\/3"}],"replies":[{"embeddable":true,"href":"https:\/\/www.tjes.jus.br\/corregedoria\/wp-json\/wp\/v2\/comments?post=22671"}],"version-history":[{"count":1,"href":"https:\/\/www.tjes.jus.br\/corregedoria\/wp-json\/wp\/v2\/posts\/22671\/revisions"}],"predecessor-version":[{"id":22673,"href":"https:\/\/www.tjes.jus.br\/corregedoria\/wp-json\/wp\/v2\/posts\/22671\/revisions\/22673"}],"wp:attachment":[{"href":"https:\/\/www.tjes.jus.br\/corregedoria\/wp-json\/wp\/v2\/media?parent=22671"}],"wp:term":[{"taxonomy":"category","embeddable":true,"href":"https:\/\/www.tjes.jus.br\/corregedoria\/wp-json\/wp\/v2\/categories?post=22671"},{"taxonomy":"post_tag","embeddable":true,"href":"https:\/\/www.tjes.jus.br\/corregedoria\/wp-json\/wp\/v2\/tags?post=22671"}],"curies":[{"name":"wp","href":"https:\/\/api.w.org\/{rel}","templated":true}]}}