{"id":22684,"date":"2018-02-21T12:40:31","date_gmt":"2018-02-21T15:40:31","guid":{"rendered":"https:\/\/www.tjes.jus.br\/corregedoria\/?p=22684"},"modified":"2018-02-21T12:40:31","modified_gmt":"2018-02-21T15:40:31","slug":"ato-normativo-no-039-2018-disp-21-02-2018","status":"publish","type":"post","link":"https:\/\/www.tjes.jus.br\/corregedoria\/2018\/02\/21\/ato-normativo-no-039-2018-disp-21-02-2018\/","title":{"rendered":"ATO NORMATIVO N\u00ba 039\/2018 &#8211; DISP. 21\/02\/2018"},"content":{"rendered":"<p style=\"text-align: center;\"><strong>ESTADO DO ESP\u00cdRITO SANTO<\/strong><\/p>\n<p style=\"text-align: center;\"><strong>PODER JUDICI\u00c1RIO<\/strong><\/p>\n<p style=\"text-align: center;\"><strong>TRIBUNAL DE JUSTI\u00c7A<\/strong><\/p>\n<p style=\"text-align: center;\"><strong>PRESID\u00caNCIA<\/strong><\/p>\n<p style=\"text-align: center;\"><strong>ATO NORMATIVO N\u00ba 039\/2018<\/strong><\/p>\n<p style=\"text-align: justify;\"><em>Institui o Mutir\u00e3o de Concilia\u00e7\u00e3o Pr\u00e9-processual e Processual de Execu\u00e7\u00e3o Fiscal do Munic\u00edpio de Aracruz.<\/em><\/p>\n<p style=\"text-align: justify;\">O Excelent\u00edssimo Senhor Desembargador S\u00c9RGIO LUIZ TEIXEIRA GAMA, Presidente do Egr\u00e9gio Tribunal de Justi\u00e7a do Estado do Esp\u00edrito Santo, no uso de suas atribui\u00e7\u00f5es legais e,<\/p>\n<p style=\"text-align: justify;\"><strong>CONSIDERANDO<\/strong> a <a href=\"https:\/\/www.tjes.jus.br\/corregedoria\/2017\/02\/16\/resolucao-no-032011-publ-em-24012011\/\" target=\"_blank\" rel=\"noopener\">Resolu\u00e7\u00e3o n\u00ba. 003\/2011<\/a> que instituiu o N\u00facleo Permanente de M\u00e9todos Consensuais de Solu\u00e7\u00e3o de Conflitos do Poder Judici\u00e1rio do Estado do Esp\u00edrito Santo, posteriormente alterada pela <a href=\"https:\/\/www.tjes.jus.br\/corregedoria\/2017\/02\/21\/resolucao-no-192012-publ-em-17042012\/\" target=\"_blank\" rel=\"noopener\">Resolu\u00e7\u00e3o n\u00ba. 19\/2012<\/a>;<\/p>\n<p style=\"text-align: justify;\"><strong>CONSIDERANDO<\/strong> a <a href=\"https:\/\/www.tjes.jus.br\/corregedoria\/2016\/07\/06\/resolucao-no-0172013-disp-13042013\/\" target=\"_blank\" rel=\"noopener\">Resolu\u00e7\u00e3o n\u00ba. 017\/2013<\/a> que disciplina a institui\u00e7\u00e3o de Centros Judici\u00e1rios de Solu\u00e7\u00e3o de Conflitos e Cidadania no \u00e2mbito do Poder Judici\u00e1rio do Estado do Esp\u00edrito Santo nos termos da <a href=\"https:\/\/www.tjes.jus.br\/corregedoria\/2016\/09\/14\/resolucao-cnj-no-125-de-29112010\/\" target=\"_blank\" rel=\"noopener\">Resolu\u00e7\u00e3o n\u00ba. 125 do CNJ<\/a>;<\/p>\n<p style=\"text-align: justify;\"><strong>CONSIDERANDO<\/strong> que aos \u00f3rg\u00e3os judici\u00e1rios incumbe, al\u00e9m da solu\u00e7\u00e3o adjudicada mediante senten\u00e7a, oferecer outros mecanismos de solu\u00e7\u00f5es de controv\u00e9rsias, em especial os chamados meios consensuais, como a media\u00e7\u00e3o e a concilia\u00e7\u00e3o, bem como prestar atendimento e orienta\u00e7\u00e3o ao cidad\u00e3o.<\/p>\n<p style=\"text-align: justify;\"><strong>RESOLVE:<\/strong><\/p>\n<p style=\"text-align: justify;\"><strong>Art. 1\u00ba \u2013<\/strong> Instituir o Mutir\u00e3o de Concilia\u00e7\u00e3o Pr\u00e9-processual e Processual de Execu\u00e7\u00e3o Fiscal do Munic\u00edpio de Guarapari, no per\u00edodo de 19\/03\/201818 \u00e0 23\/03\/2018, no hor\u00e1rio das 8h30 \u00e0s 17h, no N\u00facleo de Atendimento ao Cidad\u00e3o \u2013 NAC, Rua Padre Luiz Parenzi, n\u00ba 710, Centro, Aracruz\/ES.<\/p>\n<p style=\"text-align: justify;\">\u00a7 \u00danico \u2013 O Munic\u00edpio de Aracruz ser\u00e1 considerado intimado atrav\u00e9s deste ato, na pessoa de seu Procurador-Geral, conforme Termo de Parceria firmado entre as partes.<\/p>\n<p style=\"text-align: justify;\"><strong>Art. 2\u00ba \u2013<\/strong> O 3\u00ba CEJUSC Itinerante auxiliar\u00e1 o Magistrado Coordenador do evento, com o objetivo de atender os cidad\u00e3os para conciliar acordos, evitando a judicializa\u00e7\u00e3o dos d\u00e9bitos inscritos em d\u00edvida ativa.<\/p>\n<p style=\"text-align: justify;\"><strong>Art. 3\u00ba \u2013<\/strong> Ap\u00f3s o encerramento da audi\u00eancia e, na hip\u00f3tese de sucesso na efetiva\u00e7\u00e3o da celebra\u00e7\u00e3o de acordo Pr\u00e9-processual ou Processual entre as partes, as atas ser\u00e3o imediatamente submetidas ao Juiz Coordenador do Mutir\u00e3o, para imediata homologa\u00e7\u00e3o.<\/p>\n<p style=\"text-align: justify;\">\u00a71\u00ba \u2013 Nos casos das demandas judicializadas o CEJUSC remeter\u00e1 as atas das sess\u00f5es realizadas para a Vara de origem, tendo ou n\u00e3o obtido acordo, sendo que os originais seguir\u00e3o ap\u00f3s o t\u00e9rmino do evento, a fim de serem juntadas no processo independente do andamento processual.<\/p>\n<p style=\"text-align: justify;\">\u00a72\u00ba \u2013 As atas das audi\u00eancias pr\u00e9-processuais realizadas no mutir\u00e3o ser\u00e3o arquivadas na Comarca de Guarapari, conforme determina\u00e7\u00e3o do Juiz Diretor do F\u00f3rum.<\/p>\n<p style=\"text-align: justify;\"><strong>Art. 4\u00ba \u2013<\/strong> Este Ato Normativo entra em vigor na data de sua publica\u00e7\u00e3o.<\/p>\n<p style=\"text-align: justify;\">Vit\u00f3ria, 19 de fevereiro de 2018.<\/p>\n<p style=\"text-align: center;\"><strong>Des. S\u00c9RGIO LUIZ TEIXEIRA GAMA<\/strong><br \/>\n<strong> Presidente<\/strong><\/p>\n","protected":false},"excerpt":{"rendered":"<p>ESTADO DO ESP\u00cdRITO SANTO PODER JUDICI\u00c1RIO TRIBUNAL DE JUSTI\u00c7A PRESID\u00caNCIA ATO NORMATIVO N\u00ba 039\/2018 Institui o Mutir\u00e3o de Concilia\u00e7\u00e3o Pr\u00e9-processual e Processual de Execu\u00e7\u00e3o Fiscal do Munic\u00edpio de Aracruz. O Excelent\u00edssimo Senhor Desembargador S\u00c9RGIO LUIZ TEIXEIRA GAMA, Presidente do Egr\u00e9gio Tribunal de Justi\u00e7a do Estado do Esp\u00edrito Santo, no uso de suas atribui\u00e7\u00f5es legais e, [&hellip;]<\/p>\n","protected":false},"author":3,"featured_media":0,"comment_status":"open","ping_status":"open","sticky":false,"template":"","format":"standard","meta":{"footnotes":""},"categories":[4],"tags":[],"_links":{"self":[{"href":"https:\/\/www.tjes.jus.br\/corregedoria\/wp-json\/wp\/v2\/posts\/22684"}],"collection":[{"href":"https:\/\/www.tjes.jus.br\/corregedoria\/wp-json\/wp\/v2\/posts"}],"about":[{"href":"https:\/\/www.tjes.jus.br\/corregedoria\/wp-json\/wp\/v2\/types\/post"}],"author":[{"embeddable":true,"href":"https:\/\/www.tjes.jus.br\/corregedoria\/wp-json\/wp\/v2\/users\/3"}],"replies":[{"embeddable":true,"href":"https:\/\/www.tjes.jus.br\/corregedoria\/wp-json\/wp\/v2\/comments?post=22684"}],"version-history":[{"count":1,"href":"https:\/\/www.tjes.jus.br\/corregedoria\/wp-json\/wp\/v2\/posts\/22684\/revisions"}],"predecessor-version":[{"id":22685,"href":"https:\/\/www.tjes.jus.br\/corregedoria\/wp-json\/wp\/v2\/posts\/22684\/revisions\/22685"}],"wp:attachment":[{"href":"https:\/\/www.tjes.jus.br\/corregedoria\/wp-json\/wp\/v2\/media?parent=22684"}],"wp:term":[{"taxonomy":"category","embeddable":true,"href":"https:\/\/www.tjes.jus.br\/corregedoria\/wp-json\/wp\/v2\/categories?post=22684"},{"taxonomy":"post_tag","embeddable":true,"href":"https:\/\/www.tjes.jus.br\/corregedoria\/wp-json\/wp\/v2\/tags?post=22684"}],"curies":[{"name":"wp","href":"https:\/\/api.w.org\/{rel}","templated":true}]}}