{"id":22764,"date":"2018-02-22T16:05:37","date_gmt":"2018-02-22T19:05:37","guid":{"rendered":"https:\/\/www.tjes.jus.br\/corregedoria\/?p=22764"},"modified":"2018-02-22T16:05:37","modified_gmt":"2018-02-22T19:05:37","slug":"oficio-circular-no-057-2014-disp-30-07-2014","status":"publish","type":"post","link":"https:\/\/www.tjes.jus.br\/corregedoria\/2018\/02\/22\/oficio-circular-no-057-2014-disp-30-07-2014\/","title":{"rendered":"OF\u00cdCIO &#8211; CIRCULAR N\u00ba 057\/2014 &#8211; DISP. 30\/07\/2014"},"content":{"rendered":"<p style=\"text-align: center;\"><strong>PODER JUDICI\u00c1RIO<\/strong><\/p>\n<p style=\"text-align: center;\"><strong>TRIBUNAL DE JUSTI\u00c7A DO ESTADO DO ESP\u00cdRITO SANTO<\/strong><\/p>\n<p style=\"text-align: center;\"><strong>CORREGEDORIA GERAL DA JUSTI\u00c7A<\/strong><\/p>\n<p style=\"text-align: center;\"><strong>OF\u00cdCIO &#8211; CIRCULAR N\u00ba 57\/2014<\/strong><\/p>\n<p style=\"text-align: justify;\">O Exmo. Sr. Desembargador Corregedor-Geral da Justi\u00e7a do Estado do Esp\u00edrito Santo, no uso de suas atribui\u00e7\u00f5es legais, e<\/p>\n<p style=\"text-align: justify;\"><strong>CONSIDERANDO<\/strong> que a Corregedoria Geral da Justi\u00e7a trata-se de \u00f3rg\u00e3o de fiscaliza\u00e7\u00e3o administrativa, judicial, disciplinar e de orienta\u00e7\u00e3o administrativa, com jurisdi\u00e7\u00e3o em todo o Estado do Esp\u00edrito Santo, nos termos do artigo 35, <em>caput<\/em>, da Lei Complementar Estadual n.\u00ba 234\/2002 (C\u00f3digo de Organiza\u00e7\u00e3o Judici\u00e1ria), c\/c art. 7\u00ba do Provimento CGJ\/ES n\u00ba 029\/2009 (C\u00f3digo de Normas).<\/p>\n<p style=\"text-align: justify;\"><strong>CONSIDERANDO<\/strong> o teor do of\u00edcio n\u00ba 20217\/2014, da lavra do Eminente Presidente da Segunda Turma do Supremo Tribunal Federal, Ministro Teori Zavascki, comunicando \u00e0 esta Corregedoria Geral de Justi\u00e7a do Estado do Esp\u00edrito Santo acerca da decis\u00e3o proferida na sess\u00e3o de 25 de mar\u00e7o de 2014 alusiva ao julgamento do <em>Habeas Corpus<\/em> n\u00ba 111778.<\/p>\n<p style=\"text-align: justify;\"><strong>CONSIDERANDO<\/strong> que a c\u00f3pia da Certid\u00e3o de Julgamento do <em>Habeas Corpus<\/em> <em>supra<\/em> informa que a Egr\u00e9gia Segunda Turma do Supremo Tribunal Federal, por maioria, acolhendo proposta formulada pelo Ministro Gilmar Mendes, determinou a comunica\u00e7\u00e3o n\u00e3o s\u00f3 \u00e0s Corregedorias de Justi\u00e7a estaduais, mas, tamb\u00e9m, ao Conselho Nacional de Justi\u00e7a, para que fosse examinada a situa\u00e7\u00e3o geral dos r\u00e9us preventivamente presos e sem perspectiva de julgamento imediato.<\/p>\n<p style=\"text-align: justify;\"><strong>RESOLVE<\/strong>:<\/p>\n<p style=\"text-align: justify;\"><strong>DETERMINAR<\/strong> aos Chefes de Secretaria de todas as unidades judici\u00e1rias criminais do Estado do Esp\u00edrito Santo para que, no prazo improrrog\u00e1vel de 10 (dez) dias, procedam a devida e correta atualiza\u00e7\u00e3o\/alimenta\u00e7\u00e3o do cadastro de todos os r\u00e9us presos provis\u00f3rios no sistema <em>e-jud<\/em>.<\/p>\n<p style=\"text-align: justify;\"><strong>DETERMINAR<\/strong>, ainda, que ap\u00f3s a devida atualiza\u00e7\u00e3o\/alimenta\u00e7\u00e3o, seja procedido o encaminhamento de of\u00edcio (devidamente subscrito), via <em>e-mail institucional<\/em>, para a Coordenadoria de Monitoramento de Magistrados da Corregedoria Geral da Justi\u00e7a do Estado Esp\u00edrito Santo (<a href=\"mailto:estatisticamagistrados@tjes.jus.br\">estatisticamagistrados@tjes.jus.br<\/a>), at\u00e9 o dia 15\/08\/2014, com as seguintes informa\u00e7\u00f5es:<\/p>\n<p style=\"text-align: justify;\">a) unidade Judici\u00e1ria;<\/p>\n<p style=\"text-align: justify;\">b) n\u00famero de processos com r\u00e9us presos provis\u00f3rios;<\/p>\n<p style=\"text-align: justify;\">c) n\u00famero de r\u00e9us presos provis\u00f3rios;<\/p>\n<p style=\"text-align: justify;\">d) devida alimenta\u00e7\u00e3o\/atualiza\u00e7\u00e3o do cadastro\/relat\u00f3rio de r\u00e9us presos provis\u00f3rios no sistema e-jud, conforme determinado no aludido of\u00edcio-circular: ( ) sim ( ) n\u00e3o;<\/p>\n<p style=\"text-align: justify;\">e) data da atualiza\u00e7\u00e3o;<\/p>\n<p style=\"text-align: justify;\">f) observa\u00e7\u00f5es quanto \u00e0 n\u00e3o alimenta\u00e7\u00e3o\/atualiza\u00e7\u00e3o do sistema judicial; f) utiliza\u00e7\u00e3o de outra ferramenta para o controle do quantitativo de r\u00e9us presos provis\u00f3rios vinculados \u00e0 respectiva unidade judici\u00e1ria: ( ) sim ( ) n\u00e3o &#8211; em caso positivo, especificar qual, devendo para tanto, ser encaminhada, por m\u00eddia eletr\u00f4nica, a c\u00f3pia integral do relat\u00f3rio devidamente atualizado.<\/p>\n<p style=\"text-align: justify;\"><strong>RESSALTAR<\/strong>, por oportuno, que o n\u00e3o cumprimento das determina\u00e7\u00f5es supra poder\u00e1 configurar infra\u00e7\u00e3o administrativo-disciplinar.<\/p>\n<p style=\"text-align: justify;\"><strong>Publique-se. Cumpra-se.<\/strong><\/p>\n<p style=\"text-align: justify;\">Vit\u00f3ria\/ES, 29 de julho de 2014.<\/p>\n<p style=\"text-align: center;\"><strong>CARLOS ROBERTO MIGNONE<br \/>\n<\/strong>Corregedor Geral da Justi\u00e7a<\/p>\n","protected":false},"excerpt":{"rendered":"<p>PODER JUDICI\u00c1RIO TRIBUNAL DE JUSTI\u00c7A DO ESTADO DO ESP\u00cdRITO SANTO CORREGEDORIA GERAL DA JUSTI\u00c7A OF\u00cdCIO &#8211; CIRCULAR N\u00ba 57\/2014 O Exmo. Sr. Desembargador Corregedor-Geral da Justi\u00e7a do Estado do Esp\u00edrito Santo, no uso de suas atribui\u00e7\u00f5es legais, e CONSIDERANDO que a Corregedoria Geral da Justi\u00e7a trata-se de \u00f3rg\u00e3o de fiscaliza\u00e7\u00e3o administrativa, judicial, disciplinar e de [&hellip;]<\/p>\n","protected":false},"author":3,"featured_media":0,"comment_status":"open","ping_status":"open","sticky":false,"template":"","format":"standard","meta":{"footnotes":""},"categories":[5],"tags":[],"_links":{"self":[{"href":"https:\/\/www.tjes.jus.br\/corregedoria\/wp-json\/wp\/v2\/posts\/22764"}],"collection":[{"href":"https:\/\/www.tjes.jus.br\/corregedoria\/wp-json\/wp\/v2\/posts"}],"about":[{"href":"https:\/\/www.tjes.jus.br\/corregedoria\/wp-json\/wp\/v2\/types\/post"}],"author":[{"embeddable":true,"href":"https:\/\/www.tjes.jus.br\/corregedoria\/wp-json\/wp\/v2\/users\/3"}],"replies":[{"embeddable":true,"href":"https:\/\/www.tjes.jus.br\/corregedoria\/wp-json\/wp\/v2\/comments?post=22764"}],"version-history":[{"count":1,"href":"https:\/\/www.tjes.jus.br\/corregedoria\/wp-json\/wp\/v2\/posts\/22764\/revisions"}],"predecessor-version":[{"id":22765,"href":"https:\/\/www.tjes.jus.br\/corregedoria\/wp-json\/wp\/v2\/posts\/22764\/revisions\/22765"}],"wp:attachment":[{"href":"https:\/\/www.tjes.jus.br\/corregedoria\/wp-json\/wp\/v2\/media?parent=22764"}],"wp:term":[{"taxonomy":"category","embeddable":true,"href":"https:\/\/www.tjes.jus.br\/corregedoria\/wp-json\/wp\/v2\/categories?post=22764"},{"taxonomy":"post_tag","embeddable":true,"href":"https:\/\/www.tjes.jus.br\/corregedoria\/wp-json\/wp\/v2\/tags?post=22764"}],"curies":[{"name":"wp","href":"https:\/\/api.w.org\/{rel}","templated":true}]}}