{"id":22791,"date":"2018-02-22T17:26:06","date_gmt":"2018-02-22T20:26:06","guid":{"rendered":"https:\/\/www.tjes.jus.br\/corregedoria\/?p=22791"},"modified":"2018-02-22T17:26:06","modified_gmt":"2018-02-22T20:26:06","slug":"errata-disp-em-29-09-2014-no-ato-no-72-2014","status":"publish","type":"post","link":"https:\/\/www.tjes.jus.br\/corregedoria\/2018\/02\/22\/errata-disp-em-29-09-2014-no-ato-no-72-2014\/","title":{"rendered":"ERRATA DISP. EM 29\/09\/2014 NO ATO N\u00ba 72\/2014"},"content":{"rendered":"<p style=\"text-align: center;\"><strong>ESTADO DO ESP\u00cdRITO SANTO<\/strong><\/p>\n<p style=\"text-align: center;\"><strong>PODER JUDICI\u00c1RIO<\/strong><\/p>\n<p style=\"text-align: center;\"><strong>CORREGEDORIA GERAL DA JUSTI\u00c7A<\/strong><\/p>\n<p style=\"text-align: justify;\">ERRATA: Na reda\u00e7\u00e3o do <a href=\"https:\/\/www.tjes.jus.br\/corregedoria\/2016\/09\/19\/ato-no-0722014-disp-10092014\/\" target=\"_blank\" rel=\"noopener\">Ato n\u00ba. 072\/2014<\/a>, publicado no \u201ce-Di\u00e1rio\u201d de 10\/09\/2014, da servidora CYNTHIA LOPES VELTEN<strong>.<\/strong><\/p>\n<p style=\"text-align: justify;\"><strong>Onde se l\u00ea:<\/strong> 30 (dez)<\/p>\n<p style=\"text-align: justify;\"><strong>Leia-se:<\/strong> 30 (trinta).<\/p>\n<p style=\"text-align: justify;\"><strong>Publique-se.<\/strong><\/p>\n<p style=\"text-align: justify;\">Vit\u00f3ria-ES, 23 de setembro de 2014.<\/p>\n<p style=\"text-align: center;\"><strong>CARLOS ROBERTO MIGNONE<br \/>\nCORREGEDOR-GERAL DA JUSTI\u00c7A<\/strong><\/p>\n","protected":false},"excerpt":{"rendered":"<p>ESTADO DO ESP\u00cdRITO SANTO PODER JUDICI\u00c1RIO CORREGEDORIA GERAL DA JUSTI\u00c7A ERRATA: Na reda\u00e7\u00e3o do Ato n\u00ba. 072\/2014, publicado no \u201ce-Di\u00e1rio\u201d de 10\/09\/2014, da servidora CYNTHIA LOPES VELTEN. Onde se l\u00ea: 30 (dez) Leia-se: 30 (trinta). Publique-se. Vit\u00f3ria-ES, 23 de setembro de 2014. CARLOS ROBERTO MIGNONE CORREGEDOR-GERAL DA JUSTI\u00c7A<\/p>\n","protected":false},"author":3,"featured_media":0,"comment_status":"open","ping_status":"open","sticky":false,"template":"","format":"standard","meta":{"footnotes":""},"categories":[18],"tags":[],"_links":{"self":[{"href":"https:\/\/www.tjes.jus.br\/corregedoria\/wp-json\/wp\/v2\/posts\/22791"}],"collection":[{"href":"https:\/\/www.tjes.jus.br\/corregedoria\/wp-json\/wp\/v2\/posts"}],"about":[{"href":"https:\/\/www.tjes.jus.br\/corregedoria\/wp-json\/wp\/v2\/types\/post"}],"author":[{"embeddable":true,"href":"https:\/\/www.tjes.jus.br\/corregedoria\/wp-json\/wp\/v2\/users\/3"}],"replies":[{"embeddable":true,"href":"https:\/\/www.tjes.jus.br\/corregedoria\/wp-json\/wp\/v2\/comments?post=22791"}],"version-history":[{"count":1,"href":"https:\/\/www.tjes.jus.br\/corregedoria\/wp-json\/wp\/v2\/posts\/22791\/revisions"}],"predecessor-version":[{"id":22792,"href":"https:\/\/www.tjes.jus.br\/corregedoria\/wp-json\/wp\/v2\/posts\/22791\/revisions\/22792"}],"wp:attachment":[{"href":"https:\/\/www.tjes.jus.br\/corregedoria\/wp-json\/wp\/v2\/media?parent=22791"}],"wp:term":[{"taxonomy":"category","embeddable":true,"href":"https:\/\/www.tjes.jus.br\/corregedoria\/wp-json\/wp\/v2\/categories?post=22791"},{"taxonomy":"post_tag","embeddable":true,"href":"https:\/\/www.tjes.jus.br\/corregedoria\/wp-json\/wp\/v2\/tags?post=22791"}],"curies":[{"name":"wp","href":"https:\/\/api.w.org\/{rel}","templated":true}]}}