{"id":22847,"date":"2018-02-23T14:02:34","date_gmt":"2018-02-23T17:02:34","guid":{"rendered":"https:\/\/www.tjes.jus.br\/corregedoria\/?p=22847"},"modified":"2018-02-23T14:23:09","modified_gmt":"2018-02-23T17:23:09","slug":"oficio-circular-no-104-2014-disp-19-12-2014","status":"publish","type":"post","link":"https:\/\/www.tjes.jus.br\/corregedoria\/2018\/02\/23\/oficio-circular-no-104-2014-disp-19-12-2014\/","title":{"rendered":"OF\u00cdCIO-CIRCULAR N\u00ba 104\/2014 &#8211; DISP. 19\/12\/2014"},"content":{"rendered":"<p style=\"text-align: center;\"><strong>PODER JUDICI\u00c1RIO<\/strong><\/p>\n<p style=\"text-align: center;\"><strong>TRIBUNAL DE JUSTI\u00c7A DO E. DO ESP\u00cdRITO SANTO<\/strong><\/p>\n<p style=\"text-align: center;\"><strong>CORREGEDORIA <\/strong><strong>GERAL <\/strong><strong>DA <\/strong><strong>JUSTI\u00c7A<\/strong><\/p>\n<p style=\"text-align: center;\"><strong>OF\u00cdCIO <\/strong><strong>CIRC. <\/strong><strong>GAB. <\/strong><strong>N\u00ba <\/strong><strong>104\/<\/strong><strong>2014<\/strong><\/p>\n<p style=\"text-align: justify;\"><strong>Vit\u00f3ria, <\/strong><strong>16 <\/strong><strong>de <\/strong><strong>dezembro <\/strong><strong>de <\/strong><strong>2014.<\/strong><\/p>\n<p style=\"text-align: justify;\"><strong>Senhor <\/strong><strong>(a) <\/strong><strong>Juiz(a) <\/strong><strong>da <\/strong><strong>Vara <\/strong><strong>da <\/strong><strong>Inf\u00e2ncia <\/strong><strong>e <\/strong><strong>Juventude,<\/strong><\/p>\n<p style=\"text-align: justify;\"><strong>CONSIDERANDO<\/strong> que \u00e9 dever desta Corregedoria Geral da Justi\u00e7a garantir efetivamente a conviv\u00eancia familiar e comunit\u00e1ria \u00e0s in\u00fameras crian\u00e7as e adolescentes que se encontram em acolhimento Institucional e Familiar em nosso Estado;<\/p>\n<p style=\"text-align: justify;\"><strong>CONSIDERANDO<\/strong> que os magistrados que atuam no \u00e2mbito da Inf\u00e2ncia e Juventude s\u00e3o os respons\u00e1veis pela correta alimenta\u00e7\u00e3o do Sistema de Informa\u00e7\u00e3o e Ger\u00eancia da Ado\u00e7\u00e3o e Acolhimento no Estado (<strong>SIGA\/ES<\/strong>), do Cadastro Nacional de Ado\u00e7\u00e3o (<strong>CNA<\/strong>) e do Cadastro Nacional de Crian\u00e7as e Adolescentes Acolhidos (<strong>CNCA<\/strong>);<\/p>\n<p style=\"text-align: justify;\"><strong>CONSIDERANDO<\/strong> que muitos magistrados t\u00eam alegado necessidade de clareza a respeito dos procedimentos ordin\u00e1rios relativos \u00e0 Inf\u00e2ncia e Juventude, em especial no que de refere ao acolhimento e \u00e0 ado\u00e7\u00e3o;<\/p>\n<p style=\"text-align: justify;\">Recomendo que sejam observados os seguintes atos referentes a mat\u00e9ria c\u00edvel:<\/p>\n<p style=\"text-align: center;\"><strong>ATOS <\/strong><strong>NECESS\u00c1RIOS <\/strong><strong>EM <\/strong><strong>MAT\u00c9RIA <\/strong><strong>C\u00cdVEL<\/strong><\/p>\n<p style=\"text-align: justify;\"><strong>1- <\/strong><strong>Audi\u00eancias <\/strong><strong>Concentradas <\/strong><strong>\u2013 <\/strong><a href=\"https:\/\/www.tjes.jus.br\/corregedoria\/wp-content\/uploads\/2016\/06\/Provimento_CNJ_32-2013.pdf\" target=\"_blank\" rel=\"noopener\"><strong>PROVIMENTO <\/strong><strong>32\/2013 <\/strong><strong>do <\/strong><strong>CNJ<\/strong><\/a><\/p>\n<p style=\"text-align: justify;\">Semestralmente nos meses de abril e outubro.<\/p>\n<p style=\"text-align: justify;\"><strong>2-<\/strong> <strong>Relat\u00f3rio <\/strong><strong>das <\/strong><strong>Inspe\u00e7\u00f5es <\/strong><strong>\u00e0s <\/strong><strong>Unidades <\/strong><strong>de <\/strong><strong>Acolhimento <\/strong><strong>Institucional <\/strong><strong>e <\/strong><strong>Fam\u00edlias <\/strong><strong>Acolhedoras <\/strong><strong>em <\/strong><strong>todas <\/strong><strong>as <\/strong><strong>comarcas.<\/strong><\/p>\n<p style=\"text-align: justify;\">Anualmente, no segundo semestre, conforme <a href=\"https:\/\/www.tjes.jus.br\/corregedoria\/2017\/11\/22\/ato-conjunto-no-022013-disp-21112013-revogado\/\" target=\"_blank\" rel=\"noopener\">Ato Conjunto 02\/2013<\/a> da Corregedoria Geral da Justi\u00e7a e da Supervis\u00e3o das Varas da Inf\u00e2ncia e Juventude.<\/p>\n<p style=\"text-align: justify;\"><strong>3- <\/strong><strong>Alimenta\u00e7\u00e3o <\/strong><strong>do <\/strong><strong>SIGA\/ES <\/strong><strong>\u2013 <\/strong><a href=\"https:\/\/www.tjes.jus.br\/corregedoria\/2016\/08\/16\/provimento-no-202014-disp-17122014\/\" target=\"_blank\" rel=\"noopener\"><strong>PROVIMENTO <\/strong><strong>N\u00ba <\/strong><strong>20\/2014 <\/strong><\/a><strong>da <\/strong><strong>CGJ<\/strong><\/p>\n<p style=\"text-align: justify;\">Sempre que houver qualquer altera\u00e7\u00e3o ou modifica\u00e7\u00e3o nos cadastros de crian\u00e7as\/adolescentes, pretendentes habilitados \u00e0 ado\u00e7\u00e3o, institui\u00e7\u00f5es de acolhimento e fam\u00edlias acolhedoras, e a cada 06 (seis) meses, dever\u00e1 ser dado andamento na situa\u00e7\u00e3o das crian\u00e7as acolhidas ou sob guarda provis\u00f3ria, com a devida atualiza\u00e7\u00e3o no sistema.<\/p>\n<p style=\"text-align: justify;\"><strong>4-Question\u00e1rio <\/strong><strong>Eletr\u00f4nico <\/strong><strong>acerca <\/strong><strong>da <\/strong><strong>Estrutura <\/strong><strong>da <\/strong><strong>Vara <\/strong><strong>da <\/strong><strong>Inf\u00e2ncia <\/strong><strong>e <\/strong><strong>Juventude <\/strong><strong>\u2013 <a href=\"https:\/\/www.tjes.jus.br\/corregedoria\/2016\/11\/03\/provimento-cnj-no-362014-disp-em-05052014\/\" target=\"_blank\" rel=\"noopener\">PROVIMENTO 36\/14 do CNJ<\/a><\/strong><\/p>\n<p style=\"text-align: justify;\">At\u00e9 o dia 10 de fevereiro de cada ano, efetuar o preenchimento de &#8220;Question\u00e1rio Eletr\u00f4nico&#8221; referente \u00e0 estrutura da vara da inf\u00e2ncia e juventude, conforme estabelece o Provimento.<\/p>\n<p style=\"text-align: justify;\"><strong>5- <\/strong><strong>Processos <\/strong><strong>de <\/strong><strong>Destitui\u00e7\u00e3o <\/strong><strong>do <\/strong><strong>Poder <\/strong><strong>familiar <\/strong><strong>e <\/strong><strong>de <\/strong><strong>Ado\u00e7\u00e3o- <\/strong><a href=\"https:\/\/www.tjes.jus.br\/corregedoria\/2016\/11\/03\/provimento-cnj-no-362014-disp-em-05052014\/\" target=\"_blank\" rel=\"noopener\"><strong>PROVIMENTO <\/strong><strong>36\/14 <\/strong><strong>DO <\/strong><strong>CNJ<\/strong><\/a><\/p>\n<p style=\"text-align: justify;\">O tempo de tramita\u00e7\u00e3o dos processos de ado\u00e7\u00e3o e os de destitui\u00e7\u00e3o do poder familiar deve ser de, no m\u00e1ximo, 12 (doze) meses at\u00e9 a prola\u00e7\u00e3o de senten\u00e7a. Caso seja excedido este prazo, deve ser justificado o motivo \u00e0 Corregedoria Geral da Justi\u00e7a atrav\u00e9s do e-mail <a href=\"mailto:acolhimentocgj@tjes.jus.br\">acolhimentocgj@tjes.jus.br<\/a><\/p>\n<p style=\"text-align: justify;\"><strong>6- <\/strong><strong>Guias <\/strong><strong>de <\/strong><strong>Acolhimento\/Desligamento <\/strong><strong>do <\/strong><strong>CNCA <\/strong><strong>&#8211; <\/strong><a href=\"http:\/\/www.cnj.jus.br\/busca-atos-adm?documento=2607\" target=\"_blank\" rel=\"noopener\"><strong>RESOLU\u00c7\u00c3O <\/strong><strong>54\/08 <\/strong><strong>DO <\/strong><strong>CNJ<\/strong><\/a><\/p>\n<p style=\"text-align: justify;\">Emitir imediatamente ap\u00f3s o acolhimento (familiar ou institucional) e no desligamento da crian\u00e7a\/adolescente da situa\u00e7\u00e3o de acolhimento e jultar uma via no processo e enviar uma via: ao Minist\u00e9rio P\u00fablico, \u00e0 Coordenadoria da Inf\u00e2ncia e da Juventude, ao solicitante do acolhimento e uma ao respons\u00e1vel pelo acolhimento institucional ou familiar.<\/p>\n<p style=\"text-align: justify;\"><strong>7- <\/strong><strong>Curso <\/strong><strong>Preparat\u00f3rio <\/strong><strong>para <\/strong><strong>a <\/strong><strong>Ado\u00e7\u00e3o <\/strong><strong>\u2013 <\/strong><a href=\"https:\/\/www.tjes.jus.br\/corregedoria\/2016\/08\/16\/provimento-no-202014-disp-17122014\/\" target=\"_blank\" rel=\"noopener\"><strong>PROVIMENTO <\/strong><strong>20\/2014 <\/strong><strong>da <\/strong><strong>CGJ<\/strong><\/a><\/p>\n<p style=\"text-align: justify;\">\u00c9 obriga\u00e7\u00e3o das equipes interprofissionais a servi\u00e7o da Inf\u00e2ncia e Juventude ministrar o curso, que dever\u00e1 ocorrer com frequ\u00eancia m\u00ednima de duas vezes ao ano.<\/p>\n<p style=\"text-align: center;\"><strong>LEGISLA\u00c7\u00c3O <\/strong><strong>APLIC\u00c1VEL<\/strong><\/p>\n<p style=\"text-align: justify;\"><strong>CNJ:<\/strong><\/p>\n<p style=\"text-align: justify;\"><a href=\"https:\/\/www.tjes.jus.br\/corregedoria\/wp-content\/uploads\/2016\/06\/CNJ_R08.pdf\" target=\"_blank\" rel=\"noopener\"><strong>Recomenda\u00e7\u00e3o <\/strong><strong>n\u00ba <\/strong><strong>08\/12 <\/strong><strong>do <\/strong><strong>CNJ <\/strong><\/a>\u2013 recomenda aos Ju\u00edzes com jurisdi\u00e7\u00e3o na inf\u00e2ncia e juventude que, ao conceder a guarda provis\u00f3ria, em se tratando de crian\u00e7as com idade menor ou igual a 03 anos, seja ela concedida somente a pessoas ou casais previamente habilitados nos cadastros a que se refere o art. 50 do ECA, em consulta a ser feita pela ordem cronol\u00f3gica da data de habilita\u00e7\u00e3o.<\/p>\n<p style=\"text-align: justify;\"><a href=\"http:\/\/www.cnj.jus.br\/busca-atos-adm?documento=2607\" target=\"_blank\" rel=\"noopener\"><strong>Resolu\u00e7\u00e3o <\/strong><strong>n\u00ba <\/strong><strong>54\/2008<\/strong><\/a> &#8211; Disp\u00f5e sobre a implanta\u00e7\u00e3o e funcionamento do Cadastro Nacional de Ado\u00e7\u00e3o CNA\/CNJ.<\/p>\n<p style=\"text-align: justify;\"><a href=\"http:\/\/www.cnj.jus.br\/busca-atos-adm?documento=2487\" target=\"_blank\" rel=\"noopener\"><strong>Resolu\u00e7\u00e3o <\/strong><strong>n\u00ba <\/strong><strong>190\/2014<\/strong><\/a> &#8211; Disp\u00f5e sobre altera\u00e7\u00f5es relacionadas ao CNA.<\/p>\n<p style=\"text-align: justify;\"><a href=\"https:\/\/www.tjes.jus.br\/corregedoria\/2016\/11\/03\/provimento-cnj-no-362014-disp-em-05052014\/\" target=\"_blank\" rel=\"noopener\"><strong>Provimento <\/strong><strong>36\/2014 <\/strong><strong>do <\/strong><strong>CNJ <\/strong><\/a>&#8211; Disp\u00f5e sobre a estrutura e procedimentos das Varas da Inf\u00e2ncia e Juventude.<\/p>\n<p style=\"text-align: justify;\"><a href=\"https:\/\/www.tjes.jus.br\/corregedoria\/wp-content\/uploads\/2016\/06\/Provimento_CNJ_32-2013.pdf\" target=\"_blank\" rel=\"noopener\"><strong>Provimento <\/strong><strong>32\/2013 <\/strong><strong>do <\/strong><strong>CNJ<\/strong><\/a> \u2013 Disp\u00f5e sobre as audi\u00eancias concentradas nas Varas da Inf\u00e2ncia e Juventude.<\/p>\n<p style=\"text-align: justify;\"><a href=\"https:\/\/www.tjes.jus.br\/corregedoria\/wp-content\/uploads\/2016\/09\/Provimento-09-2010-prote%C3%A7%C3%A3o-e-reinser%C3%A7%C3%A3o-social-de-crian%C3%A7as-e-adolescentes.pdf\" target=\"_blank\" rel=\"noopener\"><strong>Provimento <\/strong><strong>09\/2010 <\/strong><strong>do <\/strong><strong>CNJ<\/strong><\/a> \u2013 Disp\u00f5e sobre a prote\u00e7\u00e3o e reinser\u00e7\u00e3o social de crian\u00e7as e adolescentes.<\/p>\n<p style=\"text-align: justify;\"><a href=\"https:\/\/www.tjes.jus.br\/corregedoria\/index.php\/2016\/09\/05\/instrucao-normativa-cnj-no-22010-disp-djecnj-de-02072010\/\" target=\"_blank\" rel=\"noopener\"><strong>Instru\u00e7\u00e3o <\/strong><strong>Normativa <\/strong><strong>N\u00ba <\/strong><strong>02\/2010 <\/strong><strong>do <\/strong><strong>CNJ<\/strong><\/a> &#8211; Disciplina a ado\u00e7\u00e3o de medidas destinadas \u00e0 regulariza\u00e7\u00e3o do controle de equipamentos de execu\u00e7\u00e3o da medida protetiva de acolhimento (institucional ou familiar), e de crian\u00e7as e adolescentes sob essa medida.<\/p>\n<p style=\"text-align: justify;\"><a href=\"http:\/\/www.cnj.jus.br\/busca-atos-adm?documento=209\" target=\"_blank\" rel=\"noopener\"><strong>Instru\u00e7\u00e3o <\/strong><strong>Normativa <\/strong><strong>N\u00ba <\/strong><strong>03\/2009 <\/strong><strong>do <\/strong><strong>CNJ<\/strong><\/a> &#8211; Institui guia \u00fanica de acolhimento e desligamento de crian\u00e7as e adolescentes.<\/p>\n<p style=\"text-align: justify;\"><strong>CORREGEDORIA:<\/strong><\/p>\n<p style=\"text-align: justify;\"><a href=\"https:\/\/www.tjes.jus.br\/corregedoria\/2016\/08\/16\/provimento-no-202014-disp-17122014\/\" target=\"_blank\" rel=\"noopener\"><strong>Provimento <\/strong><strong>20\/2014 <\/strong><strong>da <\/strong><strong>CGJ\/ES<\/strong><\/a>&#8211; Disp\u00f5e sobre o Sistema de Informa\u00e7\u00e3o e Ger\u00eancia da Ado\u00e7\u00e3o e Acolhimento \u2013 SIGA\/ES e sobre os procedimentos relativos \u00e0 habilita\u00e7\u00e3o e \u00e0 ado\u00e7\u00e3o no Estado do Esp\u00edrito Santo.<\/p>\n<p style=\"text-align: justify;\"><a href=\"https:\/\/www.tjes.jus.br\/corregedoria\/legislacao\/codigo-de-normas\/\" target=\"_blank\" rel=\"noopener\"><strong>C\u00f3digo <\/strong><strong>de <\/strong><strong>Normas <\/strong><strong>da <\/strong><strong>CGJ\/ES<\/strong><\/a><\/p>\n<p style=\"text-align: justify;\"><a href=\"https:\/\/www.tjes.jus.br\/corregedoria\/2016\/08\/16\/provimento-no-172014-disp-27112014\/\" target=\"_blank\" rel=\"noopener\"><strong>Provimento <\/strong><strong>n\u00ba <\/strong><strong>17\/2014 <\/strong><strong>da <\/strong><strong>CGJ<\/strong><\/a> \u2013 Disp\u00f5e sobre o Regimento Interno da Comiss\u00e3o Estadual Judici\u00e1ria de Ado\u00e7\u00e3o do Esp\u00edrito Santo CEJA\/ES<\/p>\n<p style=\"text-align: justify;\"><a href=\"https:\/\/www.tjes.jus.br\/corregedoria\/wp-content\/uploads\/2016\/06\/Oficio_Circular_302-2013.pdf\" target=\"_blank\" rel=\"noopener\"><strong>Of\u00edcio <\/strong><strong>Circular <\/strong><strong>n\u00ba <\/strong><strong>302\/2013 <\/strong><strong>da <\/strong><strong>CGJ\/ES <\/strong><\/a>\u2013 Disp\u00f5e sobre ado\u00e7\u00e3o pronta<\/p>\n<p style=\"text-align: justify;\"><a href=\"https:\/\/www.tjes.jus.br\/corregedoria\/wp-content\/uploads\/2016\/09\/Oficio_Circular_283-2013_republicacao.pdf\" target=\"_blank\" rel=\"noopener\"><strong>Of\u00edcio <\/strong><strong>Circular <\/strong><strong>n\u00ba <\/strong><strong>283\/2013 <\/strong><strong>da <\/strong><strong>CGJ\/ES <\/strong><\/a>\u2013 Disp\u00f5e sobre a emiss\u00e3o de certificados de habilita\u00e7\u00e3o \u00e0 ado\u00e7\u00e3o nacional<\/p>\n<p style=\"text-align: justify;\"><a href=\"https:\/\/www.tjes.jus.br\/corregedoria\/2017\/11\/22\/ato-conjunto-no-022013-disp-21112013-revogado\/\" target=\"_blank\" rel=\"noopener\"><strong>Ato <\/strong><strong>Conjunto <\/strong><strong>n\u00ba <\/strong><strong>02\/2013 <\/strong><\/a><strong>da <\/strong><strong>CGJ\/ES <\/strong><strong>em <\/strong><strong>parceria <\/strong><strong>com <\/strong><strong>a <\/strong><strong>Supervis\u00e3o <\/strong><strong>das <\/strong><strong>Varas <\/strong><strong>da <\/strong><strong>Inf\u00e2ncia <\/strong><strong>e <\/strong><strong>Juventude<\/strong>&#8211; Disp\u00f5e sobre as inspe\u00e7\u00f5es peri\u00f3dicas que os magistrados devem fazer \u00e0s institui\u00e7\u00f5es de acolhimento<\/p>\n<p style=\"text-align: justify;\"><strong>COORDENA\u00c7\u00c3O <\/strong><strong>DAS <\/strong><strong>VARAS <\/strong><strong>DE <\/strong><strong>INF\u00c2NCIA <\/strong><strong>E <\/strong><strong>JUVENTUDE<\/strong><\/p>\n<p style=\"text-align: justify;\"><strong>Of\u00edcio <\/strong><strong>Circular <\/strong><strong>n\u00ba <\/strong><strong>06\/2014 <\/strong><strong>da <\/strong><strong>Coordena\u00e7\u00e3o <\/strong><strong>das <\/strong><strong>Varas <\/strong><strong>de <\/strong><strong>Inf\u00e2ncia <\/strong><strong>e <\/strong><strong>Juventude <\/strong><strong>\u2013<\/strong> Orienta\u00e7\u00e3o acerca da alimenta\u00e7\u00e3o do SIGA\/ES.<\/p>\n<p style=\"text-align: justify;\"><strong>SITE <\/strong><strong>DA <\/strong><strong>CEJA:<\/strong><\/p>\n<p style=\"text-align: justify;\">Os documentos mencionados est\u00e3o dispon\u00edveis no site da CEJA\/ES, cuja p\u00e1gina encontra-se dentro do link da Corregedoria:<\/p>\n<p style=\"text-align: justify;\"><a href=\"https:\/\/www.tjes.jus.br\/corregedoria\/ceja\/legislacao\/\">https:\/\/www.tjes.jus.br\/index.php?option=com_content&amp;view=article&amp;id=11396%3Aadocao-cejaes&amp;catid=299%3Amenu-corregedoria&amp;Itemid=288<\/a><\/p>\n<p style=\"text-align: justify;\"><strong>BLOG:<\/strong><\/p>\n<p style=\"text-align: justify;\">Mais informa\u00e7\u00f5es sobre acolhimento e ado\u00e7\u00e3o podem ser encontradas no blog da CEJA:<\/p>\n<p style=\"text-align: justify;\"><a href=\"http:\/\/adotandoumfilho.blogspot.com.br\/\">http:\/\/adotandoumfilho.blogspot.com.br\/<\/a><\/p>\n<p style=\"text-align: justify;\">Quaisquer d\u00favidas, poder\u00e1 ser feito contato com a Comiss\u00e3o Estadual Judici\u00e1ria de Ado\u00e7\u00e3o (CEJA\/ES), atrav\u00e9s do telefones (27) 31453171 e (27) 31453172 ou dos e-mails <a href=\"mailto:ceja@tjes.jus.br\">ceja@tjes.jus.br<\/a> e <a href=\"mailto:acolhimentocgj@tjes.jus.br\">acolhimentocgj@tjes.jus.br<\/a>.<\/p>\n<p style=\"text-align: center;\"><strong>Carlos <\/strong><strong>Roberto <\/strong><strong>Mignone<br \/>\n<\/strong><strong>Corregedor Geral da Justi\u00e7a<br \/>\nPresidente da CEJA-ES<\/strong><\/p>\n","protected":false},"excerpt":{"rendered":"<p>PODER JUDICI\u00c1RIO TRIBUNAL DE JUSTI\u00c7A DO E. DO ESP\u00cdRITO SANTO CORREGEDORIA GERAL DA JUSTI\u00c7A OF\u00cdCIO CIRC. GAB. N\u00ba 104\/2014 Vit\u00f3ria, 16 de dezembro de 2014. Senhor (a) Juiz(a) da Vara da Inf\u00e2ncia e Juventude, CONSIDERANDO que \u00e9 dever desta Corregedoria Geral da Justi\u00e7a garantir efetivamente a conviv\u00eancia familiar e comunit\u00e1ria \u00e0s in\u00fameras crian\u00e7as e adolescentes [&hellip;]<\/p>\n","protected":false},"author":3,"featured_media":0,"comment_status":"open","ping_status":"open","sticky":false,"template":"","format":"standard","meta":{"footnotes":""},"categories":[14,5],"tags":[],"_links":{"self":[{"href":"https:\/\/www.tjes.jus.br\/corregedoria\/wp-json\/wp\/v2\/posts\/22847"}],"collection":[{"href":"https:\/\/www.tjes.jus.br\/corregedoria\/wp-json\/wp\/v2\/posts"}],"about":[{"href":"https:\/\/www.tjes.jus.br\/corregedoria\/wp-json\/wp\/v2\/types\/post"}],"author":[{"embeddable":true,"href":"https:\/\/www.tjes.jus.br\/corregedoria\/wp-json\/wp\/v2\/users\/3"}],"replies":[{"embeddable":true,"href":"https:\/\/www.tjes.jus.br\/corregedoria\/wp-json\/wp\/v2\/comments?post=22847"}],"version-history":[{"count":3,"href":"https:\/\/www.tjes.jus.br\/corregedoria\/wp-json\/wp\/v2\/posts\/22847\/revisions"}],"predecessor-version":[{"id":22850,"href":"https:\/\/www.tjes.jus.br\/corregedoria\/wp-json\/wp\/v2\/posts\/22847\/revisions\/22850"}],"wp:attachment":[{"href":"https:\/\/www.tjes.jus.br\/corregedoria\/wp-json\/wp\/v2\/media?parent=22847"}],"wp:term":[{"taxonomy":"category","embeddable":true,"href":"https:\/\/www.tjes.jus.br\/corregedoria\/wp-json\/wp\/v2\/categories?post=22847"},{"taxonomy":"post_tag","embeddable":true,"href":"https:\/\/www.tjes.jus.br\/corregedoria\/wp-json\/wp\/v2\/tags?post=22847"}],"curies":[{"name":"wp","href":"https:\/\/api.w.org\/{rel}","templated":true}]}}