{"id":22869,"date":"2018-02-23T15:38:31","date_gmt":"2018-02-23T18:38:31","guid":{"rendered":"https:\/\/www.tjes.jus.br\/corregedoria\/?p=22869"},"modified":"2018-02-23T15:38:31","modified_gmt":"2018-02-23T18:38:31","slug":"oficio-circular-no-129-2015-disp-18-05-2015","status":"publish","type":"post","link":"https:\/\/www.tjes.jus.br\/corregedoria\/2018\/02\/23\/oficio-circular-no-129-2015-disp-18-05-2015\/","title":{"rendered":"OF\u00cdCIO-CIRCULAR N\u00ba 129\/2015 &#8211; DISP. 18\/05\/2015"},"content":{"rendered":"<p style=\"text-align: center;\"><strong>ESTADO DO ESPIRITO SANTO<\/strong><\/p>\n<p style=\"text-align: center;\"><strong>PODER JUDICI\u00c1RIO<\/strong><\/p>\n<p style=\"text-align: center;\"><strong>CORREGEDORIA-GERAL DA JUSTI\u00c7A<\/strong><\/p>\n<p style=\"text-align: center;\"><strong>OF\u00cdCIO-CIRCULAR N\u00ba 129\/2015<\/strong><\/p>\n<p style=\"text-align: justify;\">O Desembargador CARLOS ROBERTO MIGNONE Corregedor-Geral da Justi\u00e7a do Estado do Esp\u00edrito Santo, no uso de suas atribui\u00e7\u00f5es legais e,<\/p>\n<p style=\"text-align: justify;\"><strong>CONSIDERANDO <\/strong>ser a Corregedoria Geral da Justi\u00e7a \u00f3rg\u00e3o de fiscaliza\u00e7\u00e3o, disciplina e orienta\u00e7\u00e3o administrativa, com jurisdi\u00e7\u00e3o em todo o Estado, conforme art. 35 da Lei Complementar Estadual n\u00ba 234\/02;<\/p>\n<p style=\"text-align: justify;\"><strong>CONSIDERANDO <\/strong>a <a href=\"https:\/\/www.tjes.jus.br\/corregedoria\/2016\/09\/16\/resolucao-cnj-no-154-de-13072012\/\" target=\"_blank\" rel=\"noopener\">Resolu\u00e7\u00e3o n\u00ba 154, do Conselho Nacional de Justi\u00e7a<\/a>, de 13 de julho de 2012, que define a pol\u00edtica na utiliza\u00e7\u00e3o dos recursos oriundos da aplica\u00e7\u00e3o de pena de presta\u00e7\u00e3o pecuni\u00e1ria;<\/p>\n<p style=\"text-align: justify;\"><strong>CONSIDERANDO <\/strong>a publica\u00e7\u00e3o do <a href=\"https:\/\/www.tjes.jus.br\/corregedoria\/2016\/06\/27\/ato-normativo-conjunto-no-0022013-disp-18012013\/\" target=\"_blank\" rel=\"noopener\">Ato Normativo Conjunto N\u00ba 002\/2013<\/a>, em 21\/01\/2013.<\/p>\n<p style=\"text-align: justify;\"><strong>RESOLVE:<\/strong><\/p>\n<p style=\"text-align: justify;\"><strong>Art. 1\u00ba<\/strong>. <strong>DETERMINAR<\/strong> que os valores de devolu\u00e7\u00e3o em decorr\u00eancia de saldo residual dos recursos, <strong>origin\u00e1rios das Penas de Presta\u00e7\u00e3o Pecuni\u00e1ria &#8211; PPP<\/strong>, liberados para Projetos das Institui\u00e7\u00f5es, devam ser restitu\u00eddos as Unidades Gestoras \u2013 UG, <strong>exclusivamente atrav\u00e9s da Guia \u00danica do Poder Judici\u00e1rio, ficando proibido o recolhimento atrav\u00e9s de dep\u00f3sito direto na conta corrente da UG.<\/strong><\/p>\n<p style=\"text-align: justify;\"><strong>Publique-se. Cumpra-se.<\/strong><\/p>\n<p style=\"text-align: justify;\"><strong>Vit\u00f3ria, 15 de maio de 2015.<\/strong><\/p>\n<p style=\"text-align: center;\"><strong>DES. CARLOS ROBERTO MIGNONE<br \/>\n<\/strong><strong>Corregedor-Geral da Justi\u00e7a<\/strong><\/p>\n","protected":false},"excerpt":{"rendered":"<p>ESTADO DO ESPIRITO SANTO PODER JUDICI\u00c1RIO CORREGEDORIA-GERAL DA JUSTI\u00c7A OF\u00cdCIO-CIRCULAR N\u00ba 129\/2015 O Desembargador CARLOS ROBERTO MIGNONE Corregedor-Geral da Justi\u00e7a do Estado do Esp\u00edrito Santo, no uso de suas atribui\u00e7\u00f5es legais e, CONSIDERANDO ser a Corregedoria Geral da Justi\u00e7a \u00f3rg\u00e3o de fiscaliza\u00e7\u00e3o, disciplina e orienta\u00e7\u00e3o administrativa, com jurisdi\u00e7\u00e3o em todo o Estado, conforme art. 35 [&hellip;]<\/p>\n","protected":false},"author":3,"featured_media":0,"comment_status":"open","ping_status":"open","sticky":false,"template":"","format":"standard","meta":{"footnotes":""},"categories":[14,5],"tags":[],"_links":{"self":[{"href":"https:\/\/www.tjes.jus.br\/corregedoria\/wp-json\/wp\/v2\/posts\/22869"}],"collection":[{"href":"https:\/\/www.tjes.jus.br\/corregedoria\/wp-json\/wp\/v2\/posts"}],"about":[{"href":"https:\/\/www.tjes.jus.br\/corregedoria\/wp-json\/wp\/v2\/types\/post"}],"author":[{"embeddable":true,"href":"https:\/\/www.tjes.jus.br\/corregedoria\/wp-json\/wp\/v2\/users\/3"}],"replies":[{"embeddable":true,"href":"https:\/\/www.tjes.jus.br\/corregedoria\/wp-json\/wp\/v2\/comments?post=22869"}],"version-history":[{"count":1,"href":"https:\/\/www.tjes.jus.br\/corregedoria\/wp-json\/wp\/v2\/posts\/22869\/revisions"}],"predecessor-version":[{"id":22870,"href":"https:\/\/www.tjes.jus.br\/corregedoria\/wp-json\/wp\/v2\/posts\/22869\/revisions\/22870"}],"wp:attachment":[{"href":"https:\/\/www.tjes.jus.br\/corregedoria\/wp-json\/wp\/v2\/media?parent=22869"}],"wp:term":[{"taxonomy":"category","embeddable":true,"href":"https:\/\/www.tjes.jus.br\/corregedoria\/wp-json\/wp\/v2\/categories?post=22869"},{"taxonomy":"post_tag","embeddable":true,"href":"https:\/\/www.tjes.jus.br\/corregedoria\/wp-json\/wp\/v2\/tags?post=22869"}],"curies":[{"name":"wp","href":"https:\/\/api.w.org\/{rel}","templated":true}]}}