{"id":22882,"date":"2018-02-23T16:24:17","date_gmt":"2018-02-23T19:24:17","guid":{"rendered":"https:\/\/www.tjes.jus.br\/corregedoria\/?p=22882"},"modified":"2018-02-23T16:28:20","modified_gmt":"2018-02-23T19:28:20","slug":"oficio-circular-cgjes-no-130-2015-disp-07-07-2015-alteracao","status":"publish","type":"post","link":"https:\/\/www.tjes.jus.br\/corregedoria\/2018\/02\/23\/oficio-circular-cgjes-no-130-2015-disp-07-07-2015-alteracao\/","title":{"rendered":"OF\u00cdCIO-CIRCULAR CGJES N\u00ba 130\/2015 &#8211; DISP. 07\/07\/2015 &#8211; ALTERA\u00c7\u00c3O"},"content":{"rendered":"<p align=\"CENTER\"><strong>ESTADO DO ESP\u00cdRITO SANTO<\/strong><\/p>\n<p align=\"CENTER\"><strong>PODER JUDICI\u00c1RIO<\/strong><\/p>\n<p align=\"CENTER\"><strong>CORREGEDORIA GERAL DA JUSTI\u00c7A<\/strong><\/p>\n<p style=\"text-align: justify;\" align=\"JUSTIFY\">O Excelent\u00edssimo Senhor Corregedor-Geral da Justi\u00e7a, Desembargador <strong>Ronaldo Gon\u00e7alves de Sousa<\/strong>, no uso de suas atribui\u00e7\u00f5es legais, <strong>RESOLVE:<\/strong><\/p>\n<p style=\"text-align: justify;\" align=\"JUSTIFY\"><strong>ALTERAR <\/strong>o artigo 1\u00ba, do <a href=\"https:\/\/www.tjes.jus.br\/corregedoria\/2018\/02\/23\/oficio-circular-cgjes-no-130-2015-disp-16-06-2015\/\" target=\"_blank\" rel=\"noopener\">Of\u00edcio-Circular n\u00ba 130\/2015<\/a>, disponibilizado no DJES de 15\/06\/15, para fazer constar \u201cAnalistas Judici\u00e1rios Especiais (Escriv\u00e3es e Contadores), Chefes de Se\u00e7\u00e3o de Protocolo e Distribui\u00e7\u00e3o e Chefes de Secretaria\u201d.<\/p>\n<p style=\"text-align: justify;\" align=\"JUSTIFY\"><strong>Publique-se.<\/strong><\/p>\n<p style=\"text-align: justify;\" align=\"JUSTIFY\">Vit\u00f3ria, 18 de junho de 2015.<\/p>\n<p align=\"CENTER\"><strong>DES. RONALDO GON\u00c7ALVES DE SOUSA<br \/>\n<\/strong><strong>CORREGEDOR-GERAL DA JUSTI\u00c7A<\/strong><\/p>\n<table>\n<tbody>\n<tr>\n<td><\/td>\n<\/tr>\n<\/tbody>\n<\/table>\n<p style=\"text-align: center;\" align=\"center\"><strong>ESTADO DO ESP\u00cdRITO SANTO<\/strong><\/p>\n<p style=\"text-align: center;\" align=\"center\"><strong>PODER JUDICI\u00c1RIO<\/strong><\/p>\n<p style=\"text-align: center;\" align=\"center\"><strong>CORREGEDORIA GERAL DA JUSTI\u00c7A<\/strong><\/p>\n<p style=\"text-align: center;\" align=\"center\"><strong>OF\u00cdCIO-CIRCULAR CGJES N\u00ba 130\/2015<\/strong><\/p>\n<p style=\"text-align: justify;\">Vit\u00f3ria\/ES, 18 de junho de 2015.<\/p>\n<p style=\"text-align: justify;\"><strong>Senhores Ju\u00edzes de Direito, Analistas Judici\u00e1rios Especiais (Escriv\u00e3es e Contadores), Chefes de Se\u00e7\u00e3o de Protocolo e Distribui\u00e7\u00e3o e Chefes de Secretaria do Poder Judici\u00e1rio do Estado do Esp\u00edrito Santo,<\/strong><\/p>\n<p style=\"text-align: justify;\"><strong>CONSIDERANDO<\/strong> que a Corregedoria Geral da Justi\u00e7a \u00e9 \u00f3rg\u00e3o de fiscaliza\u00e7\u00e3o, disciplina e orienta\u00e7\u00e3o administrativa, com jurisdi\u00e7\u00e3o em todo o Estado do Esp\u00edrito Santo, nos termos do art. 35, <i>caput,<\/i> da Lei Complementar Estadual n\u00ba 234\/02;<\/p>\n<p style=\"text-align: justify;\"><strong>CONSIDERANDO<\/strong>, ainda, o disposto na Recomenda\u00e7\u00e3o CNJ n\u00ba 31\/2010, datada de 30 de mar\u00e7o de 2010, que recomendou aos Tribunais a ado\u00e7\u00e3o de medidas para assegurar maior efici\u00eancia na solu\u00e7\u00e3o das demandas judiciais envolvendo a assist\u00eancia \u00e0 sa\u00fade;<\/p>\n<p style=\"text-align: justify;\"><strong>CONSIDERANDO<\/strong> os termos da Resolu\u00e7\u00e3o CNJ n\u00ba 107\/2010, datada de 6 de abril de 2010, que instituiu o F\u00f3rum Nacional do Judici\u00e1rio para monitoramento e resolu\u00e7\u00e3o das demandas de assist\u00eancia \u00e0 sa\u00fade, com a atribui\u00e7\u00e3o de elaborar estudos e propor medidas concretas e normativas para o aperfei\u00e7oamento de procedimentos e preven\u00e7\u00e3o de novos conflitos;<\/p>\n<p style=\"text-align: justify;\"><strong>CONSIDERANDO<\/strong>, outrossim, que, semestralmente, a Corregedoria Geral da Justi\u00e7a do Estado do Esp\u00edrito Santo encaminha ao Colendo Conselho Nacional de Justi\u00e7a os dados consolidados das Demandas de Sa\u00fade, relativos a todas as unidades judici\u00e1rias com compet\u00eancia na mat\u00e9ria;<\/p>\n<p style=\"text-align: justify;\"><strong>RESOLVE:<\/strong><\/p>\n<p style=\"text-align: justify;\"><strong>Art. 1\u00ba &#8211; DETERMINAR <\/strong>aos Analistas Judici\u00e1rios Especiais (Escriv\u00e3es e Contadores), Chefes de Se\u00e7\u00e3o de Protocolo e Distribui\u00e7\u00e3o e Chefes de Secretaria, sob a fiscaliza\u00e7\u00e3o dos MM. Ju\u00edzes de Direito do Estado do Esp\u00edrito Santo, que observem, quando do cadastramento dos feitos relacionados \u00e0s demandas de sa\u00fade, os ditames estabelecidos no artigo 313, do C\u00f3digo de Normas da Corregedoria Geral da Justi\u00e7a, em especial, no que tange \u00e0s informa\u00e7\u00f5es relativas a n\u00fameros de CPF e CNPJ dos autores e r\u00e9us e c\u00f3digos de Classe e Assunto, visto que imprescind\u00edveis \u00e0 gera\u00e7\u00e3o de relat\u00f3rio fidedigno \u00e0 orienta\u00e7\u00e3o do Colendo Conselho Nacional da Justi\u00e7a;<\/p>\n<p style=\"text-align: justify;\"><strong>Art. 2\u00ba &#8211; INFORMAR<\/strong> que, a partir de 1\u00ba de julho de 2015, n\u00e3o mais ser\u00e1 necess\u00e1rio elaborar e enviar a este \u00d3rg\u00e3o Correicional o relat\u00f3rio semestral das Demandas de Sa\u00fade, j\u00e1 que os dados necess\u00e1rios ao preenchimento da Planilha eletr\u00f4nica ser\u00e3o automaticamente extra\u00eddos do sistema, por meio de ferramenta desenvolvida pela Secretaria de Tecnologia da Informa\u00e7\u00e3o \u2013 STI e pela Corregedoria Geral da Justi\u00e7a deste Egr\u00e9gio Tribunal de Justi\u00e7a.<\/p>\n<p style=\"text-align: center;\" align=\"center\"><strong>Publique-se. Cumpra-se.<\/strong><\/p>\n<p style=\"text-align: center;\" align=\"center\"><strong>DES. RONALDO GON\u00c7ALVES DE SOUSA<br \/>\nCorregedor-Geral da Justi\u00e7a<\/strong><\/p>\n","protected":false},"excerpt":{"rendered":"<p>ESTADO DO ESP\u00cdRITO SANTO PODER JUDICI\u00c1RIO CORREGEDORIA GERAL DA JUSTI\u00c7A O Excelent\u00edssimo Senhor Corregedor-Geral da Justi\u00e7a, Desembargador Ronaldo Gon\u00e7alves de Sousa, no uso de suas atribui\u00e7\u00f5es legais, RESOLVE: ALTERAR o artigo 1\u00ba, do Of\u00edcio-Circular n\u00ba 130\/2015, disponibilizado no DJES de 15\/06\/15, para fazer constar \u201cAnalistas Judici\u00e1rios Especiais (Escriv\u00e3es e Contadores), Chefes de Se\u00e7\u00e3o de Protocolo [&hellip;]<\/p>\n","protected":false},"author":3,"featured_media":0,"comment_status":"open","ping_status":"open","sticky":false,"template":"","format":"standard","meta":{"footnotes":""},"categories":[14,5],"tags":[],"_links":{"self":[{"href":"https:\/\/www.tjes.jus.br\/corregedoria\/wp-json\/wp\/v2\/posts\/22882"}],"collection":[{"href":"https:\/\/www.tjes.jus.br\/corregedoria\/wp-json\/wp\/v2\/posts"}],"about":[{"href":"https:\/\/www.tjes.jus.br\/corregedoria\/wp-json\/wp\/v2\/types\/post"}],"author":[{"embeddable":true,"href":"https:\/\/www.tjes.jus.br\/corregedoria\/wp-json\/wp\/v2\/users\/3"}],"replies":[{"embeddable":true,"href":"https:\/\/www.tjes.jus.br\/corregedoria\/wp-json\/wp\/v2\/comments?post=22882"}],"version-history":[{"count":3,"href":"https:\/\/www.tjes.jus.br\/corregedoria\/wp-json\/wp\/v2\/posts\/22882\/revisions"}],"predecessor-version":[{"id":22886,"href":"https:\/\/www.tjes.jus.br\/corregedoria\/wp-json\/wp\/v2\/posts\/22882\/revisions\/22886"}],"wp:attachment":[{"href":"https:\/\/www.tjes.jus.br\/corregedoria\/wp-json\/wp\/v2\/media?parent=22882"}],"wp:term":[{"taxonomy":"category","embeddable":true,"href":"https:\/\/www.tjes.jus.br\/corregedoria\/wp-json\/wp\/v2\/categories?post=22882"},{"taxonomy":"post_tag","embeddable":true,"href":"https:\/\/www.tjes.jus.br\/corregedoria\/wp-json\/wp\/v2\/tags?post=22882"}],"curies":[{"name":"wp","href":"https:\/\/api.w.org\/{rel}","templated":true}]}}