{"id":22905,"date":"2018-02-23T17:30:30","date_gmt":"2018-02-23T20:30:30","guid":{"rendered":"https:\/\/www.tjes.jus.br\/corregedoria\/?p=22905"},"modified":"2018-02-23T17:35:53","modified_gmt":"2018-02-23T20:35:53","slug":"oficio-circular-no-140-2015-disp-04-09-2015","status":"publish","type":"post","link":"https:\/\/www.tjes.jus.br\/corregedoria\/2018\/02\/23\/oficio-circular-no-140-2015-disp-04-09-2015\/","title":{"rendered":"OF\u00cdCIO-CIRCULAR N\u00ba 140\/2015 &#8211; DISP. 04\/09\/2015"},"content":{"rendered":"<p style=\"text-align: center;\"><strong>ESTADO DO ESP\u00cdRITO SANTO<\/strong><\/p>\n<p style=\"text-align: center;\"><strong>PODER JUDICI\u00c1RIO<\/strong><\/p>\n<p style=\"text-align: center;\"><strong>CORREGEDORIA GERAL DA JUSTI\u00c7A<\/strong><\/p>\n<p style=\"text-align: center;\"><strong>OF\u00cdCIO-CIRCULAR N\u00ba 140\/2015<\/strong><\/p>\n<p style=\"text-align: justify;\"><strong>Vit\u00f3ria, 25 de agosto de 2015<\/strong><\/p>\n<p style=\"text-align: justify;\">Aos MM. Ju\u00edzes de Direito com compet\u00eancia criminal ou execu\u00e7\u00e3o penal do Estado do Esp\u00edrito Santo.<\/p>\n<p style=\"text-align: justify;\">O Exmo. Sr. Desembargador Corregedor Geral da Justi\u00e7a do Estado do Esp\u00edrito Santo, no uso de suas atribui\u00e7\u00f5es legais, e<\/p>\n<p style=\"text-align: justify;\"><strong>CONSIDERANDO <\/strong>ser a Corregedoria Geral da Justi\u00e7a \u00f3rg\u00e3o de fiscaliza\u00e7\u00e3o, disciplina e orienta\u00e7\u00e3o administrativa, com jurisdi\u00e7\u00e3o em todo o Estado, conforme artigo 35 da Lei Complementar Estadual n\u00ba 234\/2002;<\/p>\n<p style=\"text-align: justify;\"><strong>CONSIDERANDO <\/strong>os termos do artigo 289-A do C\u00f3digo de Processo Penal, acrescentado pela Lei Federal n.\u00ba 12.403, de 04 de maio de 2011, que determinou a cria\u00e7\u00e3o do Banco Nacional de Mandados de Pris\u00e3o;<\/p>\n<p style=\"text-align: justify;\"><strong>CONSIDERANDO <\/strong>o teor da <a href=\"https:\/\/www.tjes.jus.br\/corregedoria\/2016\/10\/11\/resolucao-cnj-no-137-de-13072011\/\" target=\"_blank\" rel=\"noopener\">Resolu\u00e7\u00e3o n.\u00ba 137\/2011 do Conselho Nacional de Justi\u00e7a<\/a>, que regulamenta o banco de dados de mandados de pris\u00e3o;<\/p>\n<p style=\"text-align: justify;\"><strong>CONSIDERANDO<\/strong> o teor do <a href=\"https:\/\/www.tjes.jus.br\/corregedoria\/2017\/03\/20\/ato-normativo-conjunto-no-0112012-publ-31012012\/\" target=\"_blank\" rel=\"noopener\">Ato Normativo Conjunto n.\u00ba 11\/2012<\/a>, de lavra dos eminentes Presidente e Corregedor Geral da Justi\u00e7a do eg. Tribunal de Justi\u00e7a deste Estado, que regulamenta o funcionamento do Banco de Mandados de Pris\u00e3o no \u00e2mbito do Poder Judici\u00e1rio do Estado do Esp\u00edrito Santo;<\/p>\n<p style=\"text-align: justify;\"><strong>CONSIDERANDO<\/strong> a publica\u00e7\u00e3o do <a href=\"https:\/\/www.tjes.jus.br\/corregedoria\/wp-content\/uploads\/2016\/09\/Oficio_Circular_011-2014.pdf\" target=\"_blank\" rel=\"noopener\">Of\u00edcio-Circular n.\u00ba 11\/2014<\/a>, em 23\/02\/2014; e<\/p>\n<p style=\"text-align: justify;\"><strong>CONSIDERANDO<\/strong> o pedido de provid\u00eancias apresentado pelo ilustre Superintendente Regional da Pol\u00edcia Rodovi\u00e1ria Federal do Esp\u00edrito Santo, Fernando C\u00e9sar Pereira Ferreira (protocolado sob o n.\u00ba 201501042567), <em>\u201cpara que haja a devida e tempestiva atualiza\u00e7\u00e3o do Banco Nacional de Mandados de Pris\u00e3o\u201d<\/em>.<\/p>\n<p style=\"text-align: justify;\"><strong>RESOLVE:<\/strong><\/p>\n<p style=\"text-align: justify;\"><strong>DETERMINAR <\/strong>a todos os MM. Ju\u00edzes de Direito titulares de unidades jurisdicionais da \u00e1rea criminal e\/ou de execu\u00e7\u00e3o penal deste Estado que exer\u00e7am estrita vigil\u00e2ncia quanto ao gerenciamento de mandados de pris\u00e3o e atualiza\u00e7\u00e3o de informa\u00e7\u00f5es no sistema Banco Nacional de Mandados de Pris\u00e3o (BNMP), do colendo Conselho Nacional de Justi\u00e7a, designando, se ainda n\u00e3o feito, um servidor espec\u00edfico para tal encargo.<\/p>\n<p style=\"text-align: justify;\"><strong>DETERMINAR<\/strong>, ainda, que os magistrados promovam a revis\u00e3o de todos os mandados de pris\u00e3o cadastrados no Banco Nacional de Mandados de Pris\u00e3o, devendo serem baixados do banco de dados, no prazo impreter\u00edvel de 30 (trinta) dias, aqueles com as seguintes situa\u00e7\u00f5es: cumprido, revogado e expirado, comunicando-se o cumprimento desta determina\u00e7\u00e3o a esta Corregedoria Geral da Justi\u00e7a, no prazo de 05 (cinco) dias, via malote digital.<\/p>\n<p style=\"text-align: justify;\"><strong>Publique-se<\/strong>, em conjunto com o Of\u00edcio n.\u00ba 1529\/2015\/GAB\/12\u00aaSRPRF\/ES, de lavra do ilustre Superintendente Regional Fernando C\u00e9sar Pereira Ferreira.<\/p>\n<p style=\"text-align: center;\"><strong>Desembargador RONALDO GON\u00c7ALVES DE SOUSA<br \/>\nCorregedor Geral da Justi\u00e7a<\/strong><\/p>\n<h2 style=\"text-align: center;\"><span style=\"color: #ff0000;\">REPUBLICADO EM 09\/09\/2015 POR TER SIDO PUBLICADO SEM O ANEXO (<a href=\"https:\/\/www.tjes.jus.br\/corregedoria\/wp-content\/uploads\/2018\/02\/Oficio_Circular_140-2015_Anexo.pdf\" target=\"_blank\" rel=\"noopener\">CLIQUE AQUI<\/a>)<\/span><\/h2>\n","protected":false},"excerpt":{"rendered":"<p>ESTADO DO ESP\u00cdRITO SANTO PODER JUDICI\u00c1RIO CORREGEDORIA GERAL DA JUSTI\u00c7A OF\u00cdCIO-CIRCULAR N\u00ba 140\/2015 Vit\u00f3ria, 25 de agosto de 2015 Aos MM. Ju\u00edzes de Direito com compet\u00eancia criminal ou execu\u00e7\u00e3o penal do Estado do Esp\u00edrito Santo. O Exmo. Sr. Desembargador Corregedor Geral da Justi\u00e7a do Estado do Esp\u00edrito Santo, no uso de suas atribui\u00e7\u00f5es legais, e [&hellip;]<\/p>\n","protected":false},"author":3,"featured_media":0,"comment_status":"open","ping_status":"open","sticky":false,"template":"","format":"standard","meta":{"footnotes":""},"categories":[14,5],"tags":[],"_links":{"self":[{"href":"https:\/\/www.tjes.jus.br\/corregedoria\/wp-json\/wp\/v2\/posts\/22905"}],"collection":[{"href":"https:\/\/www.tjes.jus.br\/corregedoria\/wp-json\/wp\/v2\/posts"}],"about":[{"href":"https:\/\/www.tjes.jus.br\/corregedoria\/wp-json\/wp\/v2\/types\/post"}],"author":[{"embeddable":true,"href":"https:\/\/www.tjes.jus.br\/corregedoria\/wp-json\/wp\/v2\/users\/3"}],"replies":[{"embeddable":true,"href":"https:\/\/www.tjes.jus.br\/corregedoria\/wp-json\/wp\/v2\/comments?post=22905"}],"version-history":[{"count":3,"href":"https:\/\/www.tjes.jus.br\/corregedoria\/wp-json\/wp\/v2\/posts\/22905\/revisions"}],"predecessor-version":[{"id":22909,"href":"https:\/\/www.tjes.jus.br\/corregedoria\/wp-json\/wp\/v2\/posts\/22905\/revisions\/22909"}],"wp:attachment":[{"href":"https:\/\/www.tjes.jus.br\/corregedoria\/wp-json\/wp\/v2\/media?parent=22905"}],"wp:term":[{"taxonomy":"category","embeddable":true,"href":"https:\/\/www.tjes.jus.br\/corregedoria\/wp-json\/wp\/v2\/categories?post=22905"},{"taxonomy":"post_tag","embeddable":true,"href":"https:\/\/www.tjes.jus.br\/corregedoria\/wp-json\/wp\/v2\/tags?post=22905"}],"curies":[{"name":"wp","href":"https:\/\/api.w.org\/{rel}","templated":true}]}}